{"id":51163,"date":"2020-04-08T16:51:37","date_gmt":"2020-04-08T19:51:37","guid":{"rendered":"https:\/\/tvtecjundiai.com.br\/news\/?p=51163"},"modified":"2020-04-08T16:51:37","modified_gmt":"2020-04-08T19:51:37","slug":"brasileiros-com-65-anos-ou-mais-sao-1053-da-populacao-diz-fgv","status":"publish","type":"post","link":"https:\/\/tvtecjundiai.com.br\/news\/2020\/04\/08\/brasileiros-com-65-anos-ou-mais-sao-1053-da-populacao-diz-fgv\/","title":{"rendered":"Brasileiros com 65 anos ou mais s\u00e3o 10,53% da popula\u00e7\u00e3o, diz FGV"},"content":{"rendered":"<p>O Centro de Pol\u00edticas Sociais da Funda\u00e7\u00e3o Getulio Vargas (FGV Social) divulgou hoje (8) a pesquisa <em>Onde Est\u00e3o os Idosos?<\/em> Conhecimento contra a Covid-19, que mostra que 10,53% da popula\u00e7\u00e3o brasileira t\u00eam 65 anos ou mais. A meta \u00e9 reunir informa\u00e7\u00f5es detalhadas sobre os grupos et\u00e1rios mais avan\u00e7ados visando auxiliar os gestores de pol\u00edticas p\u00fablicas na prote\u00e7\u00e3o dessa parcela durante a pandemia do novo coronav\u00edrus.<\/p>\n<div id=\"attachment_51181\" style=\"width: 533px\" class=\"wp-caption alignright\"><a href=\"https:\/\/tvtecjundiai.com.br\/news\/wp-content\/uploads\/sites\/2\/2020\/04\/WhatsApp-Image-2020-04-08-at-16.45.46-2.jpeg\"><img loading=\"lazy\" decoding=\"async\" aria-describedby=\"caption-attachment-51181\" class=\"wp-image-51181\" src=\"https:\/\/tvtecjundiai.com.br\/news\/wp-content\/uploads\/sites\/2\/2020\/04\/WhatsApp-Image-2020-04-08-at-16.45.46-2-300x179.jpeg\" alt=\"\" width=\"523\" height=\"312\" srcset=\"https:\/\/tvtecjundiai.com.br\/news\/wp-content\/uploads\/sites\/2\/2020\/04\/WhatsApp-Image-2020-04-08-at-16.45.46-2-300x179.jpeg 300w, https:\/\/tvtecjundiai.com.br\/news\/wp-content\/uploads\/sites\/2\/2020\/04\/WhatsApp-Image-2020-04-08-at-16.45.46-2-768x459.jpeg 768w, https:\/\/tvtecjundiai.com.br\/news\/wp-content\/uploads\/sites\/2\/2020\/04\/WhatsApp-Image-2020-04-08-at-16.45.46-2.jpeg 1170w\" sizes=\"auto, (max-width: 523px) 100vw, 523px\" \/><\/a><p id=\"caption-attachment-51181\" class=\"wp-caption-text\">Letalidade da covid-19 entre pessoas com 80 anos \u00e9 13 vezes maior<\/p><\/div>\n<p>As taxas de mortalidade da doen\u00e7a entre pessoas com 80 anos ou mais de idade s\u00e3o 13 vezes maiores do que na faixa de 50 a 55 anos e 75 vezes a letalidade da faixa de 10 a 19 anos de idade, segundo a pesquisa. O aumento no n\u00famero de pessoas com 65 anos ou mais na popula\u00e7\u00e3o brasileira foi de 20% na compara\u00e7\u00e3o com os dados de 2012, quando a propor\u00e7\u00e3o de idosos era de 8,8%. H\u00e1 mais idosos entre as mulheres e entre amarelos e\/ou brancos, que tamb\u00e9m t\u00eam uma maior expectativa de vida e uma taxa de fertilidade menor.<\/p>\n<p>Os idosos s\u00e3o as pessoas de refer\u00eancia ou os chefes de fam\u00edlia de 19,3% dos domic\u00edlios brasileiros. Na rela\u00e7\u00e3o que ocupam com a pessoa de refer\u00eancia da casa, eles s\u00e3o 91,5% dos av\u00f3s, 69% dos sogros ou sogras e 61,2% dos pais ou m\u00e3es. Sobre a renda, a FGV indica que os idosos correspondem a 17,44% dos 5% dos brasileiros mais ricos e 1,67% dos 5% mais pobres. Eles s\u00e3o 15,54% da classe AB, 13,07% da classe C, 4,71% na classe D, e 1,4% dos idosos s\u00e3o da classe E. Quanto \u00e0 fonte de renda, os idosos recebem 59,64% das aposentadorias da Previd\u00eancia Social, 40,78% dos benef\u00edcios de Presta\u00e7\u00e3o Continuada (BPC) e apenas 0,89% do Bolsa Fam\u00edlia.<\/p>\n<p>Quanto \u00e0 escolaridade, os idosos s\u00e3o 30% dos analfabetos e t\u00eam 3,3 anos de estudo completos a menos que a m\u00e9dia. Sobre a posse de bens e ativos, os idosos s\u00e3o 13,17% dos que possuem casa pr\u00f3pria em terreno pr\u00f3prio, s\u00e3o 22,47% dos brasileiros sem acesso \u00e0 internet e 12% dos que t\u00eam TV, correspondendo a 10,22% dos que t\u00eam canais pagos.<\/p>\n<p>Os idosos s\u00e3o 13,06% da popula\u00e7\u00e3o do Rio de Janeiro, seguido pelo Rio Grande do Sul (12,95%), S\u00e3o Paulo (11,27%) e Minas Gerais (11,19%). Os estados com a menor propor\u00e7\u00e3o de idosos s\u00e3o os da Regi\u00e3o Norte, com Roraima (5,26%) em primeiro lugar, seguido de Amap\u00e1 (5,75%), Amazonas (6,7%), Acre (6,9%) e Par\u00e1 (7,07%).<\/p>\n<p>A pesquisa da FGV Social tamb\u00e9m traz dados mundiais sobre a propor\u00e7\u00e3o da popula\u00e7\u00e3o idosa. O pa\u00eds mais envelhecido em 2020 \u00e9 o Jap\u00e3o, com 28,4% da popula\u00e7\u00e3o idosa, seguido da It\u00e1lia: 23,3%. Os locais com as menores taxas de idosos s\u00e3o o continente africano e o Oriente M\u00e9dio: Emirados \u00c1rabes Unidos (1,26%), Catar (1,69%) e Uganda (1,99%).<\/p>\n<p>Segundo os dados, os territ\u00f3rios mais ricos do mundo tamb\u00e9m apresentam maior propor\u00e7\u00e3o de idosos na popula\u00e7\u00e3o. O Brasil est\u00e1 em uma categoria intermedi\u00e1ria, por\u00e9m, a propor\u00e7\u00e3o de pessoas com 65 anos ou mais varia de acordo com a renda. Entre 98 pa\u00edses analisados, o Brasil est\u00e1 em 80\u00ba no\u00a0<em>ranking<\/em>\u00a0do n\u00famero de idosos, se considerados os 20% mais pobres, e em 31\u00ba do<em>\u00a0ranking<\/em>\u00a0entre os 20% mais ricos.<\/p>\n<p><em>(Fonte\/Foto: Ag\u00eancia Brasil)<\/em><\/p>\n","protected":false},"excerpt":{"rendered":"<p>Letalidade da covid-19 entre pessoas com 80 anos \u00e9 13 vezes maior<\/p>\n","protected":false},"author":18,"featured_media":51181,"comment_status":"closed","ping_status":"closed","sticky":false,"template":"","format":"standard","meta":{"footnotes":""},"categories":[29,1],"tags":[6242,983,871,6511,125],"class_list":["post-51163","post","type-post","status-publish","format-standard","has-post-thumbnail","hentry","category-destaque","category-noticias","tag-coronavirus","tag-fgv","tag-idosos","tag-pandemia","tag-pesquisa"],"_links":{"self":[{"href":"https:\/\/tvtecjundiai.com.br\/news\/wp-json\/wp\/v2\/posts\/51163","targetHints":{"allow":["GET"]}}],"collection":[{"href":"https:\/\/tvtecjundiai.com.br\/news\/wp-json\/wp\/v2\/posts"}],"about":[{"href":"https:\/\/tvtecjundiai.com.br\/news\/wp-json\/wp\/v2\/types\/post"}],"author":[{"embeddable":true,"href":"https:\/\/tvtecjundiai.com.br\/news\/wp-json\/wp\/v2\/users\/18"}],"replies":[{"embeddable":true,"href":"https:\/\/tvtecjundiai.com.br\/news\/wp-json\/wp\/v2\/comments?post=51163"}],"version-history":[{"count":3,"href":"https:\/\/tvtecjundiai.com.br\/news\/wp-json\/wp\/v2\/posts\/51163\/revisions"}],"predecessor-version":[{"id":51183,"href":"https:\/\/tvtecjundiai.com.br\/news\/wp-json\/wp\/v2\/posts\/51163\/revisions\/51183"}],"wp:featuredmedia":[{"embeddable":true,"href":"https:\/\/tvtecjundiai.com.br\/news\/wp-json\/wp\/v2\/media\/51181"}],"wp:attachment":[{"href":"https:\/\/tvtecjundiai.com.br\/news\/wp-json\/wp\/v2\/media?parent=51163"}],"wp:term":[{"taxonomy":"category","embeddable":true,"href":"https:\/\/tvtecjundiai.com.br\/news\/wp-json\/wp\/v2\/categories?post=51163"},{"taxonomy":"post_tag","embeddable":true,"href":"https:\/\/tvtecjundiai.com.br\/news\/wp-json\/wp\/v2\/tags?post=51163"}],"curies":[{"name":"wp","href":"https:\/\/api.w.org\/{rel}","templated":true}]}}