{"id":51310,"date":"2020-04-09T15:07:18","date_gmt":"2020-04-09T18:07:18","guid":{"rendered":"https:\/\/tvtecjundiai.com.br\/news\/?p=51310"},"modified":"2020-04-09T15:07:18","modified_gmt":"2020-04-09T18:07:18","slug":"dados-de-operadoras-de-celular-apontam-baixo-isolamento-em-jundiai","status":"publish","type":"post","link":"https:\/\/tvtecjundiai.com.br\/news\/2020\/04\/09\/dados-de-operadoras-de-celular-apontam-baixo-isolamento-em-jundiai\/","title":{"rendered":"Dados de operadoras de celular apontam baixo isolamento em Jundia\u00ed"},"content":{"rendered":"<p>Em mat\u00e9ria publicada no Jornal Nacional da noite de quarta-feira (8), sobre o uso dos dados de operadoras de celular identificar o deslocamento das pessoas, Jundia\u00ed aparece entre os mais baixos \u00edndices de ades\u00e3o ao isolamento social. Com apenas 48%, o percentual acende o sinal de alerta para os riscos de repeti\u00e7\u00e3o de cenas como em cidades europeias ou norte-americanas que ignoraram as orienta\u00e7\u00f5es dos governantes e \u00f3rg\u00e3os de sa\u00fade mundial.<\/p>\n<div id=\"attachment_51311\" style=\"width: 463px\" class=\"wp-caption alignright\"><a href=\"https:\/\/tvtecjundiai.com.br\/news\/wp-content\/uploads\/sites\/2\/2020\/04\/vista-a-jundiai_9-de-julho-2.jpg\"><img loading=\"lazy\" decoding=\"async\" aria-describedby=\"caption-attachment-51311\" class=\"wp-image-51311\" src=\"https:\/\/tvtecjundiai.com.br\/news\/wp-content\/uploads\/sites\/2\/2020\/04\/vista-a-jundiai_9-de-julho-2-300x200.jpg\" alt=\"\" width=\"453\" height=\"302\" srcset=\"https:\/\/tvtecjundiai.com.br\/news\/wp-content\/uploads\/sites\/2\/2020\/04\/vista-a-jundiai_9-de-julho-2-300x200.jpg 300w, https:\/\/tvtecjundiai.com.br\/news\/wp-content\/uploads\/sites\/2\/2020\/04\/vista-a-jundiai_9-de-julho-2-768x512.jpg 768w, https:\/\/tvtecjundiai.com.br\/news\/wp-content\/uploads\/sites\/2\/2020\/04\/vista-a-jundiai_9-de-julho-2-1200x801.jpg 1200w, https:\/\/tvtecjundiai.com.br\/news\/wp-content\/uploads\/sites\/2\/2020\/04\/vista-a-jundiai_9-de-julho-2.jpg 1280w\" sizes=\"auto, (max-width: 453px) 100vw, 453px\" \/><\/a><p id=\"caption-attachment-51311\" class=\"wp-caption-text\">Caso n\u00e3o sejam adotadas as medidas de isolamento social pela popula\u00e7\u00e3o os n\u00fameros de interna\u00e7\u00f5es superar\u00e3o a oferta<\/p><\/div>\n<p>De acordo com dados divulgados e simula\u00e7\u00f5es feitas por pesquisadores, somente com o isolamento de 70% da popula\u00e7\u00e3o \u00e9 poss\u00edvel reduzir a taxa de transmiss\u00e3o e n\u00e3o sobrecarregar os hospitais. Segundo o estudo realizado pelo Instituto de Pesquisa e Tecnologia (IPT) paulista, a m\u00e9dia de isolamento na semana foi de 51% no Estado. Bem abaixo do \u00edndice preconizado. A compara\u00e7\u00e3o com Jundia\u00ed \u00e9 ainda pior, j\u00e1 que somente 48% das pessoas realmente deixaram ou reduziram a circula\u00e7\u00e3o.<\/p>\n<p>\u201cSomente com o isolamento social ser\u00e1 poss\u00edvel conter o avan\u00e7o do v\u00edrus. A administra\u00e7\u00e3o tem investido em amplia\u00e7\u00e3o de leitos, unidades exclusivas para o atendimento de s\u00edndromes gripais, adquirido exames e at\u00e9 o laborat\u00f3rio que atende ao Hospital S\u00e3o Vicente de Paulo conquistou a certifica\u00e7\u00e3o para a realiza\u00e7\u00e3o de exames com o foco na redu\u00e7\u00e3o do tempo para a identifica\u00e7\u00e3o da COVID-19. Por\u00e9m, se a popula\u00e7\u00e3o n\u00e3o fizer a sua parte, ficando em casa, os esfor\u00e7os n\u00e3o trar\u00e3o os resultados desejados\u201d, alerta o prefeito Luiz Fernando Machado.<\/p>\n<p>Ainda no final do m\u00eas de mar\u00e7o, o gestor da Unidade de Gest\u00e3o de Promo\u00e7\u00e3o da Sa\u00fade (UGPS) Tiago Texera, em \u2018live\u2019 para a TVTEC, alertou sobre os riscos de repeti\u00e7\u00e3o de quadros temerosos como ocorridos na Europa e reitera a necessidade de a popula\u00e7\u00e3o n\u00e3o se deslocar sem a necessidade urgente. \u201cSe n\u00e3o ficarmos em casa, com isolamento social, no final do m\u00eas de abril o cen\u00e1rio ser\u00e1 de colapso. Os exemplos est\u00e3o todos os dias nas m\u00eddias. As cidades que n\u00e3o adotaram as medidas de restri\u00e7\u00e3o hoje sofrem com a quantidade de mortos e falta de leitos para o atendimento de sua popula\u00e7\u00e3o\u201d, comenta.<\/p>\n<p>O cen\u00e1rio pand\u00eamico \u00e9 pior em localidades que adotaram medidas restritivas tardiamente. Nova York, que \u00e9 tido como novo epicentro da doen\u00e7a, registrava no dia 19 de mar\u00e7o 4.152 casos e resistiu at\u00e9 o dia 23 para fechar os com\u00e9rcios n\u00e3o essenciais. A Calif\u00f3rnia, estado mais populoso que o anterior, em 19 de mar\u00e7o registrava 675 casos confirmados e determinou o fechamento e isolamento social. O impacto das medidas \u00e9 observado na contabilidade de casos. Nesta quarta-feira (8), a Calif\u00f3rnia tinha 17.674 casos e 451 mortes. Nova York, com a metade da popula\u00e7\u00e3o, registrava quase nove vezes mais casos e 14 vezes mais mortos.<\/p>\n<p>Jundia\u00ed, a partir de parceria entre o Hospital S\u00e3o Vicente de Paulo (HSV) e Hospital Regional (HR), consegue adequar a estrutura para at\u00e9 116 leitos de Unidade de Terapia Intensiva (UTI) exclusivas para COVID-19, al\u00e9m de 120 leitos de enfermaria no HR. Na quarta-feira, o prefeito anunciou a autoriza\u00e7\u00e3o do Ex\u00e9rcito Brasileiro para o uso, se necess\u00e1rio, do espa\u00e7o do 12\u00ba Grupo de Artilharia de Campanha Bar\u00e3o de Jundiahy (12\u00ba GAC) para a constru\u00e7\u00e3o de um hospital de campanha para mais leitos de enfermaria. \u201cMas nada disso ser\u00e1 suficiente se a popula\u00e7\u00e3o n\u00e3o adotar as orienta\u00e7\u00f5es dos t\u00e9cnicos da sa\u00fade e ficar em casa\u201d, afirma o prefeito.<\/p>\n<p><em>(Fonte\/Foto: Prefeitura de Jundia\u00ed)<\/em><\/p>\n","protected":false},"excerpt":{"rendered":"<p>Caso n\u00e3o sejam adotadas as medidas de isolamento social, os n\u00fameros de interna\u00e7\u00f5es superar\u00e3o a oferta<\/p>\n","protected":false},"author":13,"featured_media":51311,"comment_status":"closed","ping_status":"closed","sticky":false,"template":"","format":"standard","meta":{"footnotes":""},"categories":[2834,1],"tags":[6507,5,6342],"class_list":["post-51310","post","type-post","status-publish","format-standard","has-post-thumbnail","hentry","category-cidades","category-noticias","tag-isolamento-social","tag-jundiai","tag-novo-coronavirus"],"_links":{"self":[{"href":"https:\/\/tvtecjundiai.com.br\/news\/wp-json\/wp\/v2\/posts\/51310","targetHints":{"allow":["GET"]}}],"collection":[{"href":"https:\/\/tvtecjundiai.com.br\/news\/wp-json\/wp\/v2\/posts"}],"about":[{"href":"https:\/\/tvtecjundiai.com.br\/news\/wp-json\/wp\/v2\/types\/post"}],"author":[{"embeddable":true,"href":"https:\/\/tvtecjundiai.com.br\/news\/wp-json\/wp\/v2\/users\/13"}],"replies":[{"embeddable":true,"href":"https:\/\/tvtecjundiai.com.br\/news\/wp-json\/wp\/v2\/comments?post=51310"}],"version-history":[{"count":1,"href":"https:\/\/tvtecjundiai.com.br\/news\/wp-json\/wp\/v2\/posts\/51310\/revisions"}],"predecessor-version":[{"id":51312,"href":"https:\/\/tvtecjundiai.com.br\/news\/wp-json\/wp\/v2\/posts\/51310\/revisions\/51312"}],"wp:featuredmedia":[{"embeddable":true,"href":"https:\/\/tvtecjundiai.com.br\/news\/wp-json\/wp\/v2\/media\/51311"}],"wp:attachment":[{"href":"https:\/\/tvtecjundiai.com.br\/news\/wp-json\/wp\/v2\/media?parent=51310"}],"wp:term":[{"taxonomy":"category","embeddable":true,"href":"https:\/\/tvtecjundiai.com.br\/news\/wp-json\/wp\/v2\/categories?post=51310"},{"taxonomy":"post_tag","embeddable":true,"href":"https:\/\/tvtecjundiai.com.br\/news\/wp-json\/wp\/v2\/tags?post=51310"}],"curies":[{"name":"wp","href":"https:\/\/api.w.org\/{rel}","templated":true}]}}