{"id":51322,"date":"2020-04-09T16:53:38","date_gmt":"2020-04-09T19:53:38","guid":{"rendered":"https:\/\/tvtecjundiai.com.br\/news\/?p=51322"},"modified":"2020-04-09T16:53:38","modified_gmt":"2020-04-09T19:53:38","slug":"menina-ganha-festa-de-aniversario-na-sacada-e-vizinhos-cantam-parabens","status":"publish","type":"post","link":"https:\/\/tvtecjundiai.com.br\/news\/2020\/04\/09\/menina-ganha-festa-de-aniversario-na-sacada-e-vizinhos-cantam-parabens\/","title":{"rendered":"Menina ganha festa de anivers\u00e1rio na sacada e vizinhos cantam &#8216;parab\u00e9ns&#8217;"},"content":{"rendered":"<div class=\"mc-column content-text active-extra-styles \" data-block-type=\"unstyled\" data-block-weight=\"43\" data-block-id=\"2\">\n<p class=\"content-text__container \" data-track-category=\"Link no Texto\" data-track-links=\"\">As sacadas do Brasil e do mundo ganharam um significado diferente no \u00faltimo m\u00eas com a pandemia de coronav\u00edrus: o de que \u00e9 poss\u00edvel estar junto, mesmo que longe fisicamente. Em um condom\u00ednio do bairro Marmeleiro, em Mairinque, S\u00e3o Paulo, n\u00e3o foi diferente. A pequena Carolina Correa, de 7 anos, estava triste por ver a data do anivers\u00e1rio se aproximar e pensar que a festa n\u00e3o seria realizada para n\u00e3o causar aglomera\u00e7\u00f5es. Por\u00e9m, a m\u00e3e da menina, Andreia Correa, deu um jeito de organizar uma festa para celebrar o nascimento da filha, nesta ter\u00e7a-feira (8).<\/p>\n<div id=\"attachment_51324\" style=\"width: 443px\" class=\"wp-caption alignright\"><a href=\"https:\/\/tvtecjundiai.com.br\/news\/wp-content\/uploads\/sites\/2\/2020\/04\/Design-sem-nome-15.jpg\"><img loading=\"lazy\" decoding=\"async\" aria-describedby=\"caption-attachment-51324\" class=\"wp-image-51324\" src=\"https:\/\/tvtecjundiai.com.br\/news\/wp-content\/uploads\/sites\/2\/2020\/04\/Design-sem-nome-15-300x169.jpg\" alt=\"\" width=\"433\" height=\"244\" srcset=\"https:\/\/tvtecjundiai.com.br\/news\/wp-content\/uploads\/sites\/2\/2020\/04\/Design-sem-nome-15-300x169.jpg 300w, https:\/\/tvtecjundiai.com.br\/news\/wp-content\/uploads\/sites\/2\/2020\/04\/Design-sem-nome-15-768x432.jpg 768w, https:\/\/tvtecjundiai.com.br\/news\/wp-content\/uploads\/sites\/2\/2020\/04\/Design-sem-nome-15-1200x675.jpg 1200w, https:\/\/tvtecjundiai.com.br\/news\/wp-content\/uploads\/sites\/2\/2020\/04\/Design-sem-nome-15.jpg 1280w\" sizes=\"auto, (max-width: 433px) 100vw, 433px\" \/><\/a><p id=\"caption-attachment-51324\" class=\"wp-caption-text\">Carolina teve festa na sacada em Mairinque<\/p><\/div>\n<\/div>\n<div class=\"wall protected-content\">\n<div class=\"mc-column content-text active-extra-styles \" data-block-type=\"unstyled\" data-block-weight=\"36\" data-block-id=\"4\">\n<p class=\"content-text__container \" data-track-category=\"Link no Texto\" data-track-links=\"\">&#8220;Ela estava me perguntando faz tempo do anivers\u00e1rio dela e estava agitada. Est\u00e1vamos planejando tudo. Compramos a roupa e lembrancinhas. Mas a\u00ed n\u00e3o deu para fazer por n\u00e3o poder reunir todo mundo&#8221;, contou Andreia. Enquanto os vizinhos cantavam parab\u00e9ns, cada um em sua sacada, Carol pulava e comemorava a surpresa organizada pelos pais pouco tempo antes.<\/p>\n<\/div>\n<div class=\"mc-column content-text active-extra-styles \" data-block-type=\"unstyled\" data-block-weight=\"23\" data-block-id=\"5\">\n<div class=\"mc-column content-text active-extra-styles \" data-block-type=\"unstyled\" data-block-weight=\"37\" data-block-id=\"8\">\n<p class=\"content-text__container \" data-track-category=\"Link no Texto\" data-track-links=\"\">Ao perceber a filha preocupada pela impossibilidade de uma festa em casa com todos os amiguinhos, a m\u00e3e tratou de acionar os moradores do condom\u00ednio onde moram para n\u00e3o deixar o dia especial passar em branco. Ela pediu que a menina vestisse a fantasia de unic\u00f3rnio, comprada para ser usada na festa, e sa\u00edsse na sacada de casa, quando foi recebida por um coro de vizinhos que cantaram parab\u00e9ns. &#8220;Foi muito em cima da hora, n\u00e3o \u00edamos fazer nada&#8221;, explicou a m\u00e3e de Carolina.<\/p>\n<\/div>\n<div class=\"mc-column content-text active-extra-styles \" data-block-type=\"unstyled\" data-block-weight=\"45\" data-block-id=\"10\">\n<p class=\"content-text__container \" data-track-category=\"Link no Texto\" data-track-links=\"\">Andreia deu um jeito de improvisar enfeites para a sacada de casa felicitando o dia da pequena Carol, como letreiros coloridos e bexigas. Como s\u00f3 fam\u00edlia estaria presente na festa dentro de casa, a m\u00e3e encomendou um kit festa com bolo, docinhos e salgados. &#8220;Ela amou e eu achei o melhor anivers\u00e1rio. Todo mundo longe e ao mesmo tempo perto.&#8221;<\/p>\n<p data-track-category=\"Link no Texto\" data-track-links=\"\"><em>(Fonte: G1\/Foto: Arquivo pessoal)<\/em><\/p>\n<\/div>\n<div class=\"row medium-uncollapsed content-media content-photo\" data-block-type=\"backstage-photo\" data-block-id=\"12\">\n<div class=\"mc-column content-media__container\">\n<div class=\"progressive-img can-open-lightbox\" data-min-size=\"1008x1344\" data-min-size-url=\"https:\/\/s2.glbimg.com\/xgh074IM2yJGEsIzxtnqAKDO-Ig=\/0x0:960x1280\/1008x0\/smart\/filters:strip_icc()\/i.s3.glbimg.com\/v1\/AUTH_59edd422c0c84a879bd37670ae4f538a\/internal_photos\/bs\/2020\/7\/j\/02CSpXQtA4raSGglFLOA\/whatsapp-image-2020-04-08-at-20.56.59.jpeg\" data-max-size=\"1600x2133\" data-max-size-url=\"https:\/\/s2.glbimg.com\/zHUjtFLl3rMgOWN36Nk8tLwePEE=\/0x0:960x1280\/1600x0\/smart\/filters:strip_icc()\/i.s3.glbimg.com\/v1\/AUTH_59edd422c0c84a879bd37670ae4f538a\/internal_photos\/bs\/2020\/7\/j\/02CSpXQtA4raSGglFLOA\/whatsapp-image-2020-04-08-at-20.56.59.jpeg\" data-media-index=\"1\"><\/div>\n<\/div>\n<\/div>\n<\/div>\n<\/div>\n","protected":false},"excerpt":{"rendered":"<p>M\u00e3e da crian\u00e7a de 7 anos conseguiu organizar a festa improvisada <\/p>\n","protected":false},"author":13,"featured_media":51324,"comment_status":"closed","ping_status":"closed","sticky":false,"template":"","format":"standard","meta":{"footnotes":""},"categories":[1],"tags":[193,6507,6342],"class_list":["post-51322","post","type-post","status-publish","format-standard","has-post-thumbnail","hentry","category-noticias","tag-aniversario","tag-isolamento-social","tag-novo-coronavirus"],"_links":{"self":[{"href":"https:\/\/tvtecjundiai.com.br\/news\/wp-json\/wp\/v2\/posts\/51322","targetHints":{"allow":["GET"]}}],"collection":[{"href":"https:\/\/tvtecjundiai.com.br\/news\/wp-json\/wp\/v2\/posts"}],"about":[{"href":"https:\/\/tvtecjundiai.com.br\/news\/wp-json\/wp\/v2\/types\/post"}],"author":[{"embeddable":true,"href":"https:\/\/tvtecjundiai.com.br\/news\/wp-json\/wp\/v2\/users\/13"}],"replies":[{"embeddable":true,"href":"https:\/\/tvtecjundiai.com.br\/news\/wp-json\/wp\/v2\/comments?post=51322"}],"version-history":[{"count":1,"href":"https:\/\/tvtecjundiai.com.br\/news\/wp-json\/wp\/v2\/posts\/51322\/revisions"}],"predecessor-version":[{"id":51326,"href":"https:\/\/tvtecjundiai.com.br\/news\/wp-json\/wp\/v2\/posts\/51322\/revisions\/51326"}],"wp:featuredmedia":[{"embeddable":true,"href":"https:\/\/tvtecjundiai.com.br\/news\/wp-json\/wp\/v2\/media\/51324"}],"wp:attachment":[{"href":"https:\/\/tvtecjundiai.com.br\/news\/wp-json\/wp\/v2\/media?parent=51322"}],"wp:term":[{"taxonomy":"category","embeddable":true,"href":"https:\/\/tvtecjundiai.com.br\/news\/wp-json\/wp\/v2\/categories?post=51322"},{"taxonomy":"post_tag","embeddable":true,"href":"https:\/\/tvtecjundiai.com.br\/news\/wp-json\/wp\/v2\/tags?post=51322"}],"curies":[{"name":"wp","href":"https:\/\/api.w.org\/{rel}","templated":true}]}}