{"id":51500,"date":"2020-04-13T09:46:29","date_gmt":"2020-04-13T12:46:29","guid":{"rendered":"https:\/\/tvtecjundiai.com.br\/news\/?p=51500"},"modified":"2020-04-13T09:46:29","modified_gmt":"2020-04-13T12:46:29","slug":"adesao-ao-isolamento-social-cai-para-55-em-sao-paulo","status":"publish","type":"post","link":"https:\/\/tvtecjundiai.com.br\/news\/2020\/04\/13\/adesao-ao-isolamento-social-cai-para-55-em-sao-paulo\/","title":{"rendered":"Ades\u00e3o ao isolamento social cai para 55% em S\u00e3o Paulo"},"content":{"rendered":"<div class=\"mc-column content-text active-extra-styles \" data-block-type=\"unstyled\" data-block-weight=\"62\" data-block-id=\"2\">\n<p class=\"content-text__container \" data-track-category=\"Link no Texto\" data-track-links=\"\">Ap\u00f3s ter subido dez pontos percentuais entre quinta-feira (9) e a sexta-feira Santa (10), a taxa de isolamento social caiu de novo no s\u00e1bado (11) e chegou a 55% no estado de S\u00e3o Paulo, segundo o sistema de monitoramento inteligente do governo estadual feito com base nos dados dos celulares da popula\u00e7\u00e3o. Na segunda (6) e ter\u00e7a (7), o estado tinha taxa de 54% de isolamento, que caiu para 49% na quarta e chegou a 47% na quinta (9), menor taxa j\u00e1 registrada desde o in\u00edcio da quarentena.<\/p>\n<div id=\"attachment_51501\" style=\"width: 456px\" class=\"wp-caption alignright\"><a href=\"https:\/\/tvtecjundiai.com.br\/news\/wp-content\/uploads\/sites\/2\/2020\/04\/3-4.jpg\"><img loading=\"lazy\" decoding=\"async\" aria-describedby=\"caption-attachment-51501\" class=\"wp-image-51501\" src=\"https:\/\/tvtecjundiai.com.br\/news\/wp-content\/uploads\/sites\/2\/2020\/04\/3-4-300x188.jpg\" alt=\"\" width=\"446\" height=\"280\" srcset=\"https:\/\/tvtecjundiai.com.br\/news\/wp-content\/uploads\/sites\/2\/2020\/04\/3-4-300x188.jpg 300w, https:\/\/tvtecjundiai.com.br\/news\/wp-content\/uploads\/sites\/2\/2020\/04\/3-4-768x481.jpg 768w, https:\/\/tvtecjundiai.com.br\/news\/wp-content\/uploads\/sites\/2\/2020\/04\/3-4.jpg 1000w\" sizes=\"auto, (max-width: 446px) 100vw, 446px\" \/><\/a><p id=\"caption-attachment-51501\" class=\"wp-caption-text\">A partir de segunda (13), taxa de isolamento estar\u00e1 dispon\u00edvel na internet.<\/p><\/div>\n<\/div>\n<div class=\"wall protected-content\">\n<div class=\"mc-column content-text active-extra-styles \" data-block-type=\"unstyled\" data-block-weight=\"49\" data-block-id=\"4\">\n<p class=\"content-text__container \" data-track-category=\"Link no Texto\" data-track-links=\"\">Segundo o governo estadual, para controlar a dissemina\u00e7\u00e3o da Covid-19, o \u00edndice ideal \u00e9 de 70%. O estado nunca chegou a esta taxa: o \u00e1pice da quarentena em S\u00e3o Paulo ocorreu no \u00faltimo domingo (5), com 59% de ades\u00e3o. O \u00edndice de isolamento social caiu 12,9% na \u00faltima semana.<\/p>\n<\/div>\n<div class=\"mc-column content-text active-extra-styles \" data-block-type=\"unstyled\" data-block-weight=\"68\" data-block-id=\"5\">\n<p class=\"content-text__container \" data-track-category=\"Link no Texto\" data-track-links=\"\">O governador Jo\u00e3o Doria (PSDB) prometeu tomar medidas mais r\u00edgidas na segunda-feira (13),\u00a0inclusive com pris\u00e3o para quem desrespeitar as orienta\u00e7\u00f5es, caso o isolamento n\u00e3o chegue a mais de 60% neste final de semana. Nesta sexta (10), o prefeito da capital, Bruno Covas, disse \u00e0 GloboNews que atua em conjunto com o governo do estado e que medidas de &#8220;interven\u00e7\u00e3o de algumas ruas&#8221; da cidade n\u00e3o est\u00e3o descartadas.<\/p>\n<\/div>\n<div class=\"mc-column content-text active-extra-styles \" data-block-type=\"unstyled\" data-block-weight=\"26\" data-block-id=\"7\">\n<p class=\"content-text__container \" data-track-category=\"Link no Texto\" data-track-links=\"\">As medidas de isolamento social foram adotadas para tentar conter o avan\u00e7o do coronav\u00edrus, com quarentena que vai at\u00e9 22 de abril em todo o estado.<\/p>\n<\/div>\n<div class=\"mc-column content-text active-extra-styles \" data-block-type=\"unstyled\" data-block-weight=\"52\" data-block-id=\"8\">\n<p class=\"content-text__container \" data-track-category=\"Link no Texto\" data-track-links=\"\"><em>(Fonte: G1\/Foto: F\u00e1bio Vieira\/Fotorua\/Estad\u00e3o Conte\u00fado)<\/em><\/p>\n<\/div>\n<div class=\"row medium-uncollapsed content-media content-photo\" data-block-type=\"backstage-photo\" data-block-id=\"13\">\n<div class=\"mc-column content-media__container\">\n<div class=\"progressive-img can-open-lightbox\" data-min-size=\"1008x631\" data-min-size-url=\"https:\/\/s2.glbimg.com\/5PbLbtHibDRwpaZuVLZfwEhVXhc=\/0x0:1700x1065\/1008x0\/smart\/filters:strip_icc()\/i.s3.glbimg.com\/v1\/AUTH_59edd422c0c84a879bd37670ae4f538a\/internal_photos\/bs\/2020\/C\/N\/j4ccNGSkyjLOmYl9ApHA\/sp-movimento-nas-ruas.jpg\" data-max-size=\"1600x1002\" data-max-size-url=\"https:\/\/s2.glbimg.com\/paCiSUs_GA0s5XbRFmHbuETunow=\/0x0:1700x1065\/1600x0\/smart\/filters:strip_icc()\/i.s3.glbimg.com\/v1\/AUTH_59edd422c0c84a879bd37670ae4f538a\/internal_photos\/bs\/2020\/C\/N\/j4ccNGSkyjLOmYl9ApHA\/sp-movimento-nas-ruas.jpg\" data-media-index=\"1\"><\/div>\n<\/div>\n<\/div>\n<\/div>\n","protected":false},"excerpt":{"rendered":"<p>Segundo o governo estadual, para controlar a dissemina\u00e7\u00e3o da Covid-19, o \u00edndice ideal \u00e9 de 70%<\/p>\n","protected":false},"author":13,"featured_media":51501,"comment_status":"closed","ping_status":"closed","sticky":false,"template":"","format":"standard","meta":{"footnotes":""},"categories":[1,2839],"tags":[6507,6342],"class_list":["post-51500","post","type-post","status-publish","format-standard","has-post-thumbnail","hentry","category-noticias","category-saude","tag-isolamento-social","tag-novo-coronavirus"],"_links":{"self":[{"href":"https:\/\/tvtecjundiai.com.br\/news\/wp-json\/wp\/v2\/posts\/51500","targetHints":{"allow":["GET"]}}],"collection":[{"href":"https:\/\/tvtecjundiai.com.br\/news\/wp-json\/wp\/v2\/posts"}],"about":[{"href":"https:\/\/tvtecjundiai.com.br\/news\/wp-json\/wp\/v2\/types\/post"}],"author":[{"embeddable":true,"href":"https:\/\/tvtecjundiai.com.br\/news\/wp-json\/wp\/v2\/users\/13"}],"replies":[{"embeddable":true,"href":"https:\/\/tvtecjundiai.com.br\/news\/wp-json\/wp\/v2\/comments?post=51500"}],"version-history":[{"count":1,"href":"https:\/\/tvtecjundiai.com.br\/news\/wp-json\/wp\/v2\/posts\/51500\/revisions"}],"predecessor-version":[{"id":51502,"href":"https:\/\/tvtecjundiai.com.br\/news\/wp-json\/wp\/v2\/posts\/51500\/revisions\/51502"}],"wp:featuredmedia":[{"embeddable":true,"href":"https:\/\/tvtecjundiai.com.br\/news\/wp-json\/wp\/v2\/media\/51501"}],"wp:attachment":[{"href":"https:\/\/tvtecjundiai.com.br\/news\/wp-json\/wp\/v2\/media?parent=51500"}],"wp:term":[{"taxonomy":"category","embeddable":true,"href":"https:\/\/tvtecjundiai.com.br\/news\/wp-json\/wp\/v2\/categories?post=51500"},{"taxonomy":"post_tag","embeddable":true,"href":"https:\/\/tvtecjundiai.com.br\/news\/wp-json\/wp\/v2\/tags?post=51500"}],"curies":[{"name":"wp","href":"https:\/\/api.w.org\/{rel}","templated":true}]}}