{"id":51588,"date":"2020-04-13T16:31:33","date_gmt":"2020-04-13T19:31:33","guid":{"rendered":"https:\/\/tvtecjundiai.com.br\/news\/?p=51588"},"modified":"2020-04-13T17:21:57","modified_gmt":"2020-04-13T20:21:57","slug":"idosa-de-jundiai-comemora-aniversario-pelo-portao-de-casa","status":"publish","type":"post","link":"https:\/\/tvtecjundiai.com.br\/news\/2020\/04\/13\/idosa-de-jundiai-comemora-aniversario-pelo-portao-de-casa\/","title":{"rendered":"Idosa de Jundia\u00ed comemora anivers\u00e1rio pelo port\u00e3o de casa"},"content":{"rendered":"<div id=\"attachment_51598\" style=\"width: 425px\" class=\"wp-caption alignright\"><a href=\"https:\/\/tvtecjundiai.com.br\/news\/wp-content\/uploads\/sites\/2\/2020\/04\/Design-sem-nome-3-9.jpg\"><img loading=\"lazy\" decoding=\"async\" aria-describedby=\"caption-attachment-51598\" class=\"wp-image-51598\" src=\"https:\/\/tvtecjundiai.com.br\/news\/wp-content\/uploads\/sites\/2\/2020\/04\/Design-sem-nome-3-9-300x169.jpg\" alt=\"\" width=\"415\" height=\"234\" srcset=\"https:\/\/tvtecjundiai.com.br\/news\/wp-content\/uploads\/sites\/2\/2020\/04\/Design-sem-nome-3-9-300x169.jpg 300w, https:\/\/tvtecjundiai.com.br\/news\/wp-content\/uploads\/sites\/2\/2020\/04\/Design-sem-nome-3-9-768x432.jpg 768w, https:\/\/tvtecjundiai.com.br\/news\/wp-content\/uploads\/sites\/2\/2020\/04\/Design-sem-nome-3-9-1200x675.jpg 1200w, https:\/\/tvtecjundiai.com.br\/news\/wp-content\/uploads\/sites\/2\/2020\/04\/Design-sem-nome-3-9.jpg 1280w\" sizes=\"auto, (max-width: 415px) 100vw, 415px\" \/><\/a><p id=\"caption-attachment-51598\" class=\"wp-caption-text\">Carmem Sanches Monteiro completou seus 82 anos do domingo, dia 12 de abril<\/p><\/div>\n<p>Diante da pandemia do coronav\u00edrus, sacadas, janelas e port\u00f5es ganharam outro significado, mostrando que \u00e9 poss\u00edvel estar junto, ainda que longe fisicamente. No \u00faltimo domingo, (12), no bairro da Vila Joana, a cena n\u00e3o foi diferente.<\/p>\n<p>Carmem Sanches Monteiro completou seus 82 anos e ganhou uma linda surpresa dos familiares que mantendo a dist\u00e2ncia, e as demais medidas de prote\u00e7\u00e3o, cantaram os parab\u00e9ns e comemoraram, de longe, mais um ano de vida da idosa.<\/p>\n<p>&#8220;Nossa fam\u00edlia tem um grupo no whatsapp e combinamos tudo por l\u00e1. Ela ficou super emocionada, n\u00e3o nos via desde o in\u00edcio da quarentena. Ela n\u00e3o estava esperando por nada, foi uma surpresa&#8221;, comenta a Clara Recsy.<\/p>\n<p>Carmem que mora sozinha, conta com o apoio de um dos filhos, sua esposa e os dois netos que vivem na casa dos fundos e para amenizar um pouquinho da saudade dos familiares, faz chamadas de v\u00eddeo pelo celular da nora. &#8220;Todos n\u00f3s estamos trabalhando e estudando pela internet. A saudade \u00e9 grande, mas sabemos que o melhor \u00e9 manter o isolamento&#8221;.<\/p>\n<p><em>(Texto: Caroline Ferreira\/Foto: Arquivo Pessoal)<\/em><\/p>\n<p>&nbsp;<\/p>\n<p>&nbsp;<\/p>\n<p>&nbsp;<\/p>\n","protected":false},"excerpt":{"rendered":"<p>Carmem Sanches Monteiro completou seus 82 anos do domingo, dia 12 de abril <\/p>\n","protected":false},"author":13,"featured_media":51597,"comment_status":"closed","ping_status":"closed","sticky":false,"template":"","format":"standard","meta":{"footnotes":""},"categories":[2834,1],"tags":[193,6507,5,6342],"class_list":["post-51588","post","type-post","status-publish","format-standard","has-post-thumbnail","hentry","category-cidades","category-noticias","tag-aniversario","tag-isolamento-social","tag-jundiai","tag-novo-coronavirus"],"_links":{"self":[{"href":"https:\/\/tvtecjundiai.com.br\/news\/wp-json\/wp\/v2\/posts\/51588","targetHints":{"allow":["GET"]}}],"collection":[{"href":"https:\/\/tvtecjundiai.com.br\/news\/wp-json\/wp\/v2\/posts"}],"about":[{"href":"https:\/\/tvtecjundiai.com.br\/news\/wp-json\/wp\/v2\/types\/post"}],"author":[{"embeddable":true,"href":"https:\/\/tvtecjundiai.com.br\/news\/wp-json\/wp\/v2\/users\/13"}],"replies":[{"embeddable":true,"href":"https:\/\/tvtecjundiai.com.br\/news\/wp-json\/wp\/v2\/comments?post=51588"}],"version-history":[{"count":2,"href":"https:\/\/tvtecjundiai.com.br\/news\/wp-json\/wp\/v2\/posts\/51588\/revisions"}],"predecessor-version":[{"id":51617,"href":"https:\/\/tvtecjundiai.com.br\/news\/wp-json\/wp\/v2\/posts\/51588\/revisions\/51617"}],"wp:featuredmedia":[{"embeddable":true,"href":"https:\/\/tvtecjundiai.com.br\/news\/wp-json\/wp\/v2\/media\/51597"}],"wp:attachment":[{"href":"https:\/\/tvtecjundiai.com.br\/news\/wp-json\/wp\/v2\/media?parent=51588"}],"wp:term":[{"taxonomy":"category","embeddable":true,"href":"https:\/\/tvtecjundiai.com.br\/news\/wp-json\/wp\/v2\/categories?post=51588"},{"taxonomy":"post_tag","embeddable":true,"href":"https:\/\/tvtecjundiai.com.br\/news\/wp-json\/wp\/v2\/tags?post=51588"}],"curies":[{"name":"wp","href":"https:\/\/api.w.org\/{rel}","templated":true}]}}