{"id":51600,"date":"2020-04-13T16:40:10","date_gmt":"2020-04-13T19:40:10","guid":{"rendered":"https:\/\/tvtecjundiai.com.br\/news\/?p=51600"},"modified":"2020-04-13T16:40:10","modified_gmt":"2020-04-13T19:40:10","slug":"oms-lista-seis-criterios-para-considerar-antes-de-relaxar-isolamento","status":"publish","type":"post","link":"https:\/\/tvtecjundiai.com.br\/news\/2020\/04\/13\/oms-lista-seis-criterios-para-considerar-antes-de-relaxar-isolamento\/","title":{"rendered":"OMS lista seis crit\u00e9rios para considerar antes de relaxar isolamento"},"content":{"rendered":"<div class=\"mc-column content-text active-extra-styles \" data-block-type=\"unstyled\" data-block-weight=\"27\" data-block-id=\"2\">\n<div id=\"attachment_51601\" style=\"width: 463px\" class=\"wp-caption alignright\"><a href=\"https:\/\/tvtecjundiai.com.br\/news\/wp-content\/uploads\/sites\/2\/2020\/04\/tedros-adhanom-ghebreyesus-salvatore-di-nolfikeystone-via-ap.jpg\"><img loading=\"lazy\" decoding=\"async\" aria-describedby=\"caption-attachment-51601\" class=\"wp-image-51601\" src=\"https:\/\/tvtecjundiai.com.br\/news\/wp-content\/uploads\/sites\/2\/2020\/04\/tedros-adhanom-ghebreyesus-salvatore-di-nolfikeystone-via-ap-300x200.jpg\" alt=\"\" width=\"453\" height=\"302\" srcset=\"https:\/\/tvtecjundiai.com.br\/news\/wp-content\/uploads\/sites\/2\/2020\/04\/tedros-adhanom-ghebreyesus-salvatore-di-nolfikeystone-via-ap-300x200.jpg 300w, https:\/\/tvtecjundiai.com.br\/news\/wp-content\/uploads\/sites\/2\/2020\/04\/tedros-adhanom-ghebreyesus-salvatore-di-nolfikeystone-via-ap-768x512.jpg 768w, https:\/\/tvtecjundiai.com.br\/news\/wp-content\/uploads\/sites\/2\/2020\/04\/tedros-adhanom-ghebreyesus-salvatore-di-nolfikeystone-via-ap-1200x801.jpg 1200w, https:\/\/tvtecjundiai.com.br\/news\/wp-content\/uploads\/sites\/2\/2020\/04\/tedros-adhanom-ghebreyesus-salvatore-di-nolfikeystone-via-ap.jpg 1280w\" sizes=\"auto, (max-width: 453px) 100vw, 453px\" \/><\/a><p id=\"caption-attachment-51601\" class=\"wp-caption-text\">Entidade tamb\u00e9m alertou que as medidas de isolamento n\u00e3o podem ser substitu\u00eddas por &#8216;nada&#8217; e que as m\u00e1scaras n\u00e3o substituem a quarentena.<\/p><\/div>\n<p class=\"content-text__container \" data-track-category=\"Link no Texto\" data-track-links=\"\">A Organiza\u00e7\u00e3o Mundial de Sa\u00fade (OMS)\u00a0refor\u00e7ou, nesta segunda-feira (13), os crit\u00e9rios\u00a0que pa\u00edses devem analisar antes de suspender o isolamento como forma de combate \u00e0 Covid-19:<\/p>\n<\/div>\n<div class=\"wall protected-content\">\n<div class=\"mc-column content-text active-extra-styles\" data-block-type=\"raw\" data-block-weight=\"88\" data-block-id=\"3\">\n<ol class=\"content-ordered-list theme-ordered-list-color-primary\">\n<li>a transmiss\u00e3o da Covid-19 deve estar controlada;<\/li>\n<li>o sistema de sa\u00fade deve ser capaz de detectar, testar, isolar e tratar todos os casos, al\u00e9m de tra\u00e7ar todos os contatos;<\/li>\n<li>os riscos de surtos devem estar minimizados em condi\u00e7\u00f5es especiais, como instala\u00e7\u00f5es de sa\u00fade e casas de repouso;<\/li>\n<li>medidas preventivas devem ser adotadas em locais de trabalho, escolas e outros lugares aonde seja essencial as pessoas irem;<\/li>\n<li>os riscos de importa\u00e7\u00e3o devem ser administrados;<\/li>\n<li>as comunidades devem estar completamente educadas, engajadas e empoderadas para se ajustarem \u00e0 nova norma.<\/li>\n<\/ol>\n<div class=\"mc-column content-text active-extra-styles \" data-block-type=\"unstyled\" data-block-weight=\"24\" data-block-id=\"6\"><\/div>\n<div class=\"mc-column content-text active-extra-styles \" data-block-type=\"unstyled\" data-block-weight=\"63\" data-block-id=\"7\">\n<p class=\"content-text__container \" data-track-category=\"Link no Texto\" data-track-links=\"\">O diretor-geral da entidade, Tedros Adhanom Ghebreyesus, disse que a organiza\u00e7\u00e3o publicar\u00e1, na ter\u00e7a (14), um estudo completo com as novas recomenda\u00e7\u00f5es estrat\u00e9gicas.<\/p>\n<p data-track-category=\"Link no Texto\" data-track-links=\"\"><em>(Fonte: G1\/Foto: Salvatore Di Nolfi\/Keystone\/AP)<\/em><\/p>\n<\/div>\n<\/div>\n<\/div>\n","protected":false},"excerpt":{"rendered":"<p>Entidade tamb\u00e9m alertou que as medidas de isolamento n\u00e3o podem ser substitu\u00eddas por &#8216;nada&#8217; <\/p>\n","protected":false},"author":13,"featured_media":51601,"comment_status":"closed","ping_status":"closed","sticky":false,"template":"","format":"standard","meta":{"footnotes":""},"categories":[3084,1,2839],"tags":[6507,6342,1270],"class_list":["post-51600","post","type-post","status-publish","format-standard","has-post-thumbnail","hentry","category-mundo","category-noticias","category-saude","tag-isolamento-social","tag-novo-coronavirus","tag-oms"],"_links":{"self":[{"href":"https:\/\/tvtecjundiai.com.br\/news\/wp-json\/wp\/v2\/posts\/51600","targetHints":{"allow":["GET"]}}],"collection":[{"href":"https:\/\/tvtecjundiai.com.br\/news\/wp-json\/wp\/v2\/posts"}],"about":[{"href":"https:\/\/tvtecjundiai.com.br\/news\/wp-json\/wp\/v2\/types\/post"}],"author":[{"embeddable":true,"href":"https:\/\/tvtecjundiai.com.br\/news\/wp-json\/wp\/v2\/users\/13"}],"replies":[{"embeddable":true,"href":"https:\/\/tvtecjundiai.com.br\/news\/wp-json\/wp\/v2\/comments?post=51600"}],"version-history":[{"count":1,"href":"https:\/\/tvtecjundiai.com.br\/news\/wp-json\/wp\/v2\/posts\/51600\/revisions"}],"predecessor-version":[{"id":51602,"href":"https:\/\/tvtecjundiai.com.br\/news\/wp-json\/wp\/v2\/posts\/51600\/revisions\/51602"}],"wp:featuredmedia":[{"embeddable":true,"href":"https:\/\/tvtecjundiai.com.br\/news\/wp-json\/wp\/v2\/media\/51601"}],"wp:attachment":[{"href":"https:\/\/tvtecjundiai.com.br\/news\/wp-json\/wp\/v2\/media?parent=51600"}],"wp:term":[{"taxonomy":"category","embeddable":true,"href":"https:\/\/tvtecjundiai.com.br\/news\/wp-json\/wp\/v2\/categories?post=51600"},{"taxonomy":"post_tag","embeddable":true,"href":"https:\/\/tvtecjundiai.com.br\/news\/wp-json\/wp\/v2\/tags?post=51600"}],"curies":[{"name":"wp","href":"https:\/\/api.w.org\/{rel}","templated":true}]}}