{"id":51908,"date":"2020-04-15T12:07:07","date_gmt":"2020-04-15T15:07:07","guid":{"rendered":"https:\/\/tvtecjundiai.com.br\/news\/?p=51908"},"modified":"2020-04-15T12:07:07","modified_gmt":"2020-04-15T15:07:07","slug":"designers-desenvolvem-protetor-facial-e-disponibilizam-projeto-de-graca","status":"publish","type":"post","link":"https:\/\/tvtecjundiai.com.br\/news\/2020\/04\/15\/designers-desenvolvem-protetor-facial-e-disponibilizam-projeto-de-graca\/","title":{"rendered":"Designers desenvolvem protetor facial e disponibilizam projeto de gra\u00e7a"},"content":{"rendered":"<div id=\"attachment_51909\" style=\"width: 440px\" class=\"wp-caption alignright\"><a href=\"https:\/\/tvtecjundiai.com.br\/news\/wp-content\/uploads\/sites\/2\/2020\/04\/Design-sem-nome-20.jpg\"><img loading=\"lazy\" decoding=\"async\" aria-describedby=\"caption-attachment-51909\" class=\"wp-image-51909\" src=\"https:\/\/tvtecjundiai.com.br\/news\/wp-content\/uploads\/sites\/2\/2020\/04\/Design-sem-nome-20-300x169.jpg\" alt=\"\" width=\"430\" height=\"242\" srcset=\"https:\/\/tvtecjundiai.com.br\/news\/wp-content\/uploads\/sites\/2\/2020\/04\/Design-sem-nome-20-300x169.jpg 300w, https:\/\/tvtecjundiai.com.br\/news\/wp-content\/uploads\/sites\/2\/2020\/04\/Design-sem-nome-20-768x432.jpg 768w, https:\/\/tvtecjundiai.com.br\/news\/wp-content\/uploads\/sites\/2\/2020\/04\/Design-sem-nome-20-1200x675.jpg 1200w, https:\/\/tvtecjundiai.com.br\/news\/wp-content\/uploads\/sites\/2\/2020\/04\/Design-sem-nome-20.jpg 1280w\" sizes=\"auto, (max-width: 430px) 100vw, 430px\" \/><\/a><p id=\"caption-attachment-51909\" class=\"wp-caption-text\">O projeto est\u00e1 dispon\u00edvel no\u00a0site\u00a0criado pela empresa onde trabalham os designers<\/p><\/div>\n<p>Designers brasileiros desenvolveram um projeto para fabricar protetores faciais a baixo custo e est\u00e3o disponibilizando o projeto de gra\u00e7a para quem quiser produzir. A m\u00e1scara do tipo Face Shield \u00e9 um item importante para proteger os profissionais de sa\u00fade que trabalham no tratamento de pacientes com Covid-19 nas UTIs dos hospitais, mas \u00e9 dif\u00edcil comprar esse tipo de protetor porque est\u00e1 faltando no mercado.<\/p>\n<p>\u201cCom o projeto aberto, facilitamos\u00a0a produ\u00e7\u00e3o de forma descentralizada, permitindo que pequenas gr\u00e1ficas, empresas e universidades possam tamb\u00e9m fabricar. Al\u00e9m de fabricar, todos podem ainda contribuir e melhorar o projeto, conforme sua necessidade com um custo bastante acess\u00edvel\u201d, disse o arquiteto e coordenador do projeto, Leandro Vasconcelos.<\/p>\n<p>Para fazer os protetores, o custo fica em torno de R$ 6,00, com m\u00e3o de obra e material, que \u00e9 em PVC. Em dez minutos, com uma m\u00e1quina de corte a laser, d\u00e1 pra fazer 12 m\u00e1scaras. O projeto est\u00e1 dispon\u00edvel no\u00a0<a href=\"http:\/\/covid19.mountsuaescola.com.br\/\" target=\"_blank\" rel=\"noopener noreferrer\">site<\/a>\u00a0criado pela empresa onde trabalham os designers, a\u00a0Mount Sua Escola,\u00a0que \u00e9 um projeto educacional a partir do design thinking, t\u00e9cnica para inova\u00e7\u00e3o em resolu\u00e7\u00e3o de problemas.<\/p>\n<p><em>(Fonte: Raz\u00f5es Para Acreditar\/Foto: Divulga\u00e7\u00e3o)<\/em><\/p>\n<div class=\"ads-inline-content\"><\/div>\n","protected":false},"excerpt":{"rendered":"<p>O projeto est\u00e1 dispon\u00edvel no\u00a0site\u00a0criado pela empresa onde trabalham os designers<\/p>\n","protected":false},"author":13,"featured_media":51909,"comment_status":"closed","ping_status":"closed","sticky":false,"template":"","format":"standard","meta":{"footnotes":""},"categories":[1],"tags":[6342,6676],"class_list":["post-51908","post","type-post","status-publish","format-standard","has-post-thumbnail","hentry","category-noticias","tag-novo-coronavirus","tag-protetor-facial"],"_links":{"self":[{"href":"https:\/\/tvtecjundiai.com.br\/news\/wp-json\/wp\/v2\/posts\/51908","targetHints":{"allow":["GET"]}}],"collection":[{"href":"https:\/\/tvtecjundiai.com.br\/news\/wp-json\/wp\/v2\/posts"}],"about":[{"href":"https:\/\/tvtecjundiai.com.br\/news\/wp-json\/wp\/v2\/types\/post"}],"author":[{"embeddable":true,"href":"https:\/\/tvtecjundiai.com.br\/news\/wp-json\/wp\/v2\/users\/13"}],"replies":[{"embeddable":true,"href":"https:\/\/tvtecjundiai.com.br\/news\/wp-json\/wp\/v2\/comments?post=51908"}],"version-history":[{"count":1,"href":"https:\/\/tvtecjundiai.com.br\/news\/wp-json\/wp\/v2\/posts\/51908\/revisions"}],"predecessor-version":[{"id":51910,"href":"https:\/\/tvtecjundiai.com.br\/news\/wp-json\/wp\/v2\/posts\/51908\/revisions\/51910"}],"wp:featuredmedia":[{"embeddable":true,"href":"https:\/\/tvtecjundiai.com.br\/news\/wp-json\/wp\/v2\/media\/51909"}],"wp:attachment":[{"href":"https:\/\/tvtecjundiai.com.br\/news\/wp-json\/wp\/v2\/media?parent=51908"}],"wp:term":[{"taxonomy":"category","embeddable":true,"href":"https:\/\/tvtecjundiai.com.br\/news\/wp-json\/wp\/v2\/categories?post=51908"},{"taxonomy":"post_tag","embeddable":true,"href":"https:\/\/tvtecjundiai.com.br\/news\/wp-json\/wp\/v2\/tags?post=51908"}],"curies":[{"name":"wp","href":"https:\/\/api.w.org\/{rel}","templated":true}]}}