{"id":52120,"date":"2020-04-16T15:50:24","date_gmt":"2020-04-16T18:50:24","guid":{"rendered":"https:\/\/tvtecjundiai.com.br\/news\/?p=52120"},"modified":"2020-04-16T15:54:14","modified_gmt":"2020-04-16T18:54:14","slug":"globo-exibira-live-de-roberto-carlos-no-domingo-19","status":"publish","type":"post","link":"https:\/\/tvtecjundiai.com.br\/news\/2020\/04\/16\/globo-exibira-live-de-roberto-carlos-no-domingo-19\/","title":{"rendered":"Globo exibir\u00e1 live de Roberto Carlos no domingo (19)"},"content":{"rendered":"<div id=\"attachment_52131\" style=\"width: 390px\" class=\"wp-caption alignright\"><a href=\"https:\/\/tvtecjundiai.com.br\/news\/wp-content\/uploads\/sites\/2\/2020\/04\/WhatsApp-Image-2020-04-16-at-15.36.03.jpeg\"><img loading=\"lazy\" decoding=\"async\" aria-describedby=\"caption-attachment-52131\" class=\"wp-image-52131\" src=\"https:\/\/tvtecjundiai.com.br\/news\/wp-content\/uploads\/sites\/2\/2020\/04\/WhatsApp-Image-2020-04-16-at-15.36.03-300x200.jpeg\" alt=\"\" width=\"380\" height=\"253\" srcset=\"https:\/\/tvtecjundiai.com.br\/news\/wp-content\/uploads\/sites\/2\/2020\/04\/WhatsApp-Image-2020-04-16-at-15.36.03-300x200.jpeg 300w, https:\/\/tvtecjundiai.com.br\/news\/wp-content\/uploads\/sites\/2\/2020\/04\/WhatsApp-Image-2020-04-16-at-15.36.03.jpeg 624w\" sizes=\"auto, (max-width: 380px) 100vw, 380px\" \/><\/a><p id=\"caption-attachment-52131\" class=\"wp-caption-text\">Agora resta decidir o hor\u00e1rio<\/p><\/div>\n<p>Roberto Carlos, assim como os sertanejos e pagodeiros, entrar\u00e1 na \u201cmoda do momento\u201d, e far\u00e1 uma live neste domingo (19), dia do seu anivers\u00e1rio, com uma apresenta\u00e7\u00e3o ao vivo em seu canal no YouTube. O show ser\u00e1 transmitido do apartamento em que o rei mora, no Rio de Janeiro, e o hor\u00e1rio de exibi\u00e7\u00e3o ser\u00e1 definido at\u00e9 esta sexta-feira (17).<\/p>\n<p>O que surpreendeu muitas pessoas n\u00e3o foi a live do rei em si, mas uma novidade na TV aberta: a Globo, dona dos direitos de imagem de Roberto Carlos, e de olho na movimenta\u00e7\u00e3o que as lives tem criado na web, ir\u00e1 transmitir ao menos o come\u00e7o da apresenta\u00e7\u00e3o.<\/p>\n<p>Agora resta decidir o hor\u00e1rio, e se o show far\u00e1 parte do \u201cDoming\u00e3o do Faust\u00e3o\u201d ou uma atra\u00e7\u00e3o independente na grade da emissora. Uma outra possibilidade aponta pela colunista, \u00e9 de que o \u201cFant\u00e1stico\u201d mostre os bastidores do show do rei.<\/p>\n<p><em>(Fonte: UOL\/ Imagem: Divulga\u00e7\u00e3o Globo)<\/em><\/p>\n<p>&nbsp;<\/p>\n","protected":false},"excerpt":{"rendered":"<p>Roberto Carlos \u00e9 conhecido n\u00e3o s\u00f3 por ser o rei da m\u00fasica<\/p>\n","protected":false},"author":18,"featured_media":52131,"comment_status":"closed","ping_status":"closed","sticky":false,"template":"","format":"standard","meta":{"footnotes":""},"categories":[3076,1,2824],"tags":[193,6707,826,6706,6708,240],"class_list":["post-52120","post","type-post","status-publish","format-standard","has-post-thumbnail","hentry","category-entretenimento","category-noticias","category-variedades","tag-aniversario","tag-globo","tag-live","tag-roberto-carlos","tag-shou-do-rei","tag-youtube"],"_links":{"self":[{"href":"https:\/\/tvtecjundiai.com.br\/news\/wp-json\/wp\/v2\/posts\/52120","targetHints":{"allow":["GET"]}}],"collection":[{"href":"https:\/\/tvtecjundiai.com.br\/news\/wp-json\/wp\/v2\/posts"}],"about":[{"href":"https:\/\/tvtecjundiai.com.br\/news\/wp-json\/wp\/v2\/types\/post"}],"author":[{"embeddable":true,"href":"https:\/\/tvtecjundiai.com.br\/news\/wp-json\/wp\/v2\/users\/18"}],"replies":[{"embeddable":true,"href":"https:\/\/tvtecjundiai.com.br\/news\/wp-json\/wp\/v2\/comments?post=52120"}],"version-history":[{"count":4,"href":"https:\/\/tvtecjundiai.com.br\/news\/wp-json\/wp\/v2\/posts\/52120\/revisions"}],"predecessor-version":[{"id":52138,"href":"https:\/\/tvtecjundiai.com.br\/news\/wp-json\/wp\/v2\/posts\/52120\/revisions\/52138"}],"wp:featuredmedia":[{"embeddable":true,"href":"https:\/\/tvtecjundiai.com.br\/news\/wp-json\/wp\/v2\/media\/52131"}],"wp:attachment":[{"href":"https:\/\/tvtecjundiai.com.br\/news\/wp-json\/wp\/v2\/media?parent=52120"}],"wp:term":[{"taxonomy":"category","embeddable":true,"href":"https:\/\/tvtecjundiai.com.br\/news\/wp-json\/wp\/v2\/categories?post=52120"},{"taxonomy":"post_tag","embeddable":true,"href":"https:\/\/tvtecjundiai.com.br\/news\/wp-json\/wp\/v2\/tags?post=52120"}],"curies":[{"name":"wp","href":"https:\/\/api.w.org\/{rel}","templated":true}]}}