{"id":52121,"date":"2020-04-16T15:36:19","date_gmt":"2020-04-16T18:36:19","guid":{"rendered":"https:\/\/tvtecjundiai.com.br\/news\/?p=52121"},"modified":"2020-04-16T15:36:19","modified_gmt":"2020-04-16T18:36:19","slug":"facebook-vai-alertar-usuarios-sobre-fake-news-de-coronavirus","status":"publish","type":"post","link":"https:\/\/tvtecjundiai.com.br\/news\/2020\/04\/16\/facebook-vai-alertar-usuarios-sobre-fake-news-de-coronavirus\/","title":{"rendered":"Facebook vai alertar usu\u00e1rios sobre fake news de coronav\u00edrus"},"content":{"rendered":"<div id=\"attachment_52126\" style=\"width: 495px\" class=\"wp-caption alignright\"><a href=\"https:\/\/tvtecjundiai.com.br\/news\/wp-content\/uploads\/sites\/2\/2020\/04\/Capturar-3.jpg\"><img loading=\"lazy\" decoding=\"async\" aria-describedby=\"caption-attachment-52126\" class=\"wp-image-52126\" src=\"https:\/\/tvtecjundiai.com.br\/news\/wp-content\/uploads\/sites\/2\/2020\/04\/Capturar-3-300x169.jpg\" alt=\"\" width=\"485\" height=\"273\" srcset=\"https:\/\/tvtecjundiai.com.br\/news\/wp-content\/uploads\/sites\/2\/2020\/04\/Capturar-3-300x169.jpg 300w, https:\/\/tvtecjundiai.com.br\/news\/wp-content\/uploads\/sites\/2\/2020\/04\/Capturar-3-768x432.jpg 768w, https:\/\/tvtecjundiai.com.br\/news\/wp-content\/uploads\/sites\/2\/2020\/04\/Capturar-3.jpg 808w\" sizes=\"auto, (max-width: 485px) 100vw, 485px\" \/><\/a><p id=\"caption-attachment-52126\" class=\"wp-caption-text\">Usu\u00e1rios que tiverem intera\u00e7\u00e3o em postagens com boatos sobre a pandemia ser\u00e3o notificados.<\/p><\/div>\n<p>O\u00a0Facebook\u00a0anunciou nesta quinta-feira (16) uma nova ferramenta para evitar o compartilhamento de informa\u00e7\u00f5es falsas do\u00a0coronav\u00edrus. Usu\u00e1rios que tiverem intera\u00e7\u00e3o em postagens com boatos sobre a pandemia ser\u00e3o notificados.<\/p>\n<div class=\"mc-column content-text active-extra-styles \" data-block-type=\"unstyled\" data-block-weight=\"16\" data-block-id=\"4\">\n<p class=\"content-text__container \" data-track-category=\"Link no Texto\" data-track-links=\"\">De acordo com a rede social, o sistema de avisos come\u00e7ar\u00e1 a funcionar nas pr\u00f3ximas semanas. &#8220;Queremos conectar pessoas, que possam ter interagido com informa\u00e7\u00f5es prejudiciais \u200b\u200bsobre o v\u00edrus, com a verdade de fontes oficiais&#8221;, disse a empresa, em comunicado.<\/p>\n<div class=\"mc-column content-text active-extra-styles \" data-block-type=\"unstyled\" data-block-weight=\"34\" data-block-id=\"6\">\n<p class=\"content-text__container \" data-track-category=\"Link no Texto\" data-track-links=\"\">O Facebook tamb\u00e9m vai conectar as pessoas com\u00a0informa\u00e7\u00f5es checadas pela Organiza\u00e7\u00e3o Mundial da Sa\u00fade (OMS)\u00a0que mostram uma lista de mensagens falsas, incluindo as que j\u00e1 foram tiveram a publica\u00e7\u00e3o removida.<\/p>\n<\/div>\n<div class=\"mc-column content-text active-extra-styles \" data-block-type=\"unstyled\" data-block-weight=\"39\" data-block-id=\"7\">\n<p class=\"content-text__container \" data-track-category=\"Link no Texto\" data-track-links=\"\">Um relat\u00f3rio da ONG Avaaz, que combate a desinforma\u00e7\u00e3o nas redes sociais, mostrou que 100 exemplos dessas mensagens falsas no Facebook foram replicadas 1,7 milh\u00e3o de vezes e tiveram 117 milh\u00f5es de visualiza\u00e7\u00f5es em 6 idiomas analisados.<\/p>\n<\/div>\n<div class=\"mc-column content-text active-extra-styles \" data-block-type=\"unstyled\" data-block-weight=\"49\" data-block-id=\"8\">\n<p class=\"content-text__container \" data-track-category=\"Link no Texto\" data-track-links=\"\"><em>(Fonte: G1\/Foto: Uol)<\/em><\/p>\n<\/div>\n<\/div>\n<div data-block-type=\"raw\" data-block-weight=\"24\" data-block-id=\"5\"><\/div>\n<div data-block-type=\"raw\" data-block-weight=\"24\" data-block-id=\"5\"><\/div>\n<div data-block-type=\"raw\" data-block-weight=\"24\" data-block-id=\"5\"><\/div>\n<div data-block-type=\"raw\" data-block-weight=\"24\" data-block-id=\"5\"><\/div>\n<div data-block-type=\"raw\" data-block-weight=\"24\" data-block-id=\"5\"><\/div>\n<p>&nbsp;<\/p>\n","protected":false},"excerpt":{"rendered":"<p>Usu\u00e1rios que tiverem intera\u00e7\u00e3o em postagens com boatos sobre a pandemia ser\u00e3o notificados<\/p>\n","protected":false},"author":13,"featured_media":52126,"comment_status":"closed","ping_status":"closed","sticky":false,"template":"","format":"standard","meta":{"footnotes":""},"categories":[1,2839,2835],"tags":[6242,237],"class_list":["post-52121","post","type-post","status-publish","format-standard","has-post-thumbnail","hentry","category-noticias","category-saude","category-tecnologia","tag-coronavirus","tag-facebook"],"_links":{"self":[{"href":"https:\/\/tvtecjundiai.com.br\/news\/wp-json\/wp\/v2\/posts\/52121","targetHints":{"allow":["GET"]}}],"collection":[{"href":"https:\/\/tvtecjundiai.com.br\/news\/wp-json\/wp\/v2\/posts"}],"about":[{"href":"https:\/\/tvtecjundiai.com.br\/news\/wp-json\/wp\/v2\/types\/post"}],"author":[{"embeddable":true,"href":"https:\/\/tvtecjundiai.com.br\/news\/wp-json\/wp\/v2\/users\/13"}],"replies":[{"embeddable":true,"href":"https:\/\/tvtecjundiai.com.br\/news\/wp-json\/wp\/v2\/comments?post=52121"}],"version-history":[{"count":1,"href":"https:\/\/tvtecjundiai.com.br\/news\/wp-json\/wp\/v2\/posts\/52121\/revisions"}],"predecessor-version":[{"id":52127,"href":"https:\/\/tvtecjundiai.com.br\/news\/wp-json\/wp\/v2\/posts\/52121\/revisions\/52127"}],"wp:featuredmedia":[{"embeddable":true,"href":"https:\/\/tvtecjundiai.com.br\/news\/wp-json\/wp\/v2\/media\/52126"}],"wp:attachment":[{"href":"https:\/\/tvtecjundiai.com.br\/news\/wp-json\/wp\/v2\/media?parent=52121"}],"wp:term":[{"taxonomy":"category","embeddable":true,"href":"https:\/\/tvtecjundiai.com.br\/news\/wp-json\/wp\/v2\/categories?post=52121"},{"taxonomy":"post_tag","embeddable":true,"href":"https:\/\/tvtecjundiai.com.br\/news\/wp-json\/wp\/v2\/tags?post=52121"}],"curies":[{"name":"wp","href":"https:\/\/api.w.org\/{rel}","templated":true}]}}