{"id":52156,"date":"2020-04-16T19:04:48","date_gmt":"2020-04-16T22:04:48","guid":{"rendered":"https:\/\/tvtecjundiai.com.br\/news\/?p=52156"},"modified":"2020-04-16T19:04:48","modified_gmt":"2020-04-16T22:04:48","slug":"boletim-tvtec-confirma-4o-morte-por-covid-19-em-jundiai","status":"publish","type":"post","link":"https:\/\/tvtecjundiai.com.br\/news\/2020\/04\/16\/boletim-tvtec-confirma-4o-morte-por-covid-19-em-jundiai\/","title":{"rendered":"Boletim TVTEC confirma 4\u00ba morte por Covid-19 em Jundia\u00ed"},"content":{"rendered":"<p><span style=\"font-weight: 400;\">A terceira edi\u00e7\u00e3o ao vivo do <\/span><b>Boletim TVTEC<\/b><span style=\"font-weight: 400;\">, desta quinta-feira (16),\u00a0 transmitido \u00e0s 18h, pelas redes sociais e pelo canal 24 da NET, confirmou a quarta morte por Covid-19 em Jundia\u00ed: um homem de 76 anos, com diabetes e cardiopatia, que estava internado no Hospital de Caridade S\u00e3o Vicente de Paulo. A v\u00edtima faleceu no dia 12 de abril, e constava como \u00f3bito suspeito. Outros 18 casos de v\u00edtimas fatais da Covid-19 permanecem sob investiga\u00e7\u00e3o.<\/span><\/p>\n<p><span style=\"font-weight: 400;\">Al\u00e9m disso, Jundia\u00ed registra 50 casos positivos do Novo Coronav\u00edrus, 30 casos em isolamento domiciliar, 13 pessoas est\u00e3o internadas em Jundia\u00ed e tr\u00eas em outros munic\u00edpios. Ao todo, o munic\u00edpio totaliza 11 casos recuperados. A cidade tem 66 leitos ocupados &#8211; 22 por moradores de cidades da regi\u00e3o. Confira o <\/span><a href=\"https:\/\/jundiai.sp.gov.br\/coronavirus\/\"><b>Informe Epidemiol\u00f3gico.<\/b><span style=\"font-weight: 400;\">\u00a0<\/span><\/a><\/p>\n<p><span style=\"font-weight: 400;\">O gestor de Sa\u00fade, Tiago Texera, refor\u00e7ou a informa\u00e7\u00e3o sobre os testes r\u00e1pidos, que inicialmente ser\u00e3o feitos nos profissionais da sa\u00fade e seguran\u00e7a p\u00fablica, com o objetivo de preservar a for\u00e7a de trabalho deles. O gestor ainda insistiu na import\u00e2ncia do isolamento social, para evitar o cont\u00e1gio em grande escala. \u201cPrecisamos continuar atentos e evitar aglomera\u00e7\u00f5es, para que em breve possamos voltar a \u201cvida normal\u201d no munic\u00edpio de Jundia\u00ed\u201d, declarou.\u00a0<\/span><\/p>\n<p><b>ASSISTA A \u00cdNTEGRA DA 3\u00aa EDI\u00c7\u00c3O DO BOLETIM TVTEC DE 16 DE ABRIL<\/b><\/p>\n<p>https:\/\/www.facebook.com\/tvtecjundiai\/videos\/3004836589574734\/<\/p>\n","protected":false},"excerpt":{"rendered":"<p>Cidade tem 50 casos confirmados do Novo Coronav\u00edrus<\/p>\n","protected":false},"author":18,"featured_media":52229,"comment_status":"closed","ping_status":"closed","sticky":false,"template":"","format":"standard","meta":{"footnotes":""},"categories":[29,1,2839],"tags":[6484,6242,6692],"class_list":["post-52156","post","type-post","status-publish","format-standard","has-post-thumbnail","hentry","category-destaque","category-noticias","category-saude","tag-boletim-tvtec","tag-coronavirus","tag-isolamento"],"_links":{"self":[{"href":"https:\/\/tvtecjundiai.com.br\/news\/wp-json\/wp\/v2\/posts\/52156","targetHints":{"allow":["GET"]}}],"collection":[{"href":"https:\/\/tvtecjundiai.com.br\/news\/wp-json\/wp\/v2\/posts"}],"about":[{"href":"https:\/\/tvtecjundiai.com.br\/news\/wp-json\/wp\/v2\/types\/post"}],"author":[{"embeddable":true,"href":"https:\/\/tvtecjundiai.com.br\/news\/wp-json\/wp\/v2\/users\/18"}],"replies":[{"embeddable":true,"href":"https:\/\/tvtecjundiai.com.br\/news\/wp-json\/wp\/v2\/comments?post=52156"}],"version-history":[{"count":2,"href":"https:\/\/tvtecjundiai.com.br\/news\/wp-json\/wp\/v2\/posts\/52156\/revisions"}],"predecessor-version":[{"id":52233,"href":"https:\/\/tvtecjundiai.com.br\/news\/wp-json\/wp\/v2\/posts\/52156\/revisions\/52233"}],"wp:featuredmedia":[{"embeddable":true,"href":"https:\/\/tvtecjundiai.com.br\/news\/wp-json\/wp\/v2\/media\/52229"}],"wp:attachment":[{"href":"https:\/\/tvtecjundiai.com.br\/news\/wp-json\/wp\/v2\/media?parent=52156"}],"wp:term":[{"taxonomy":"category","embeddable":true,"href":"https:\/\/tvtecjundiai.com.br\/news\/wp-json\/wp\/v2\/categories?post=52156"},{"taxonomy":"post_tag","embeddable":true,"href":"https:\/\/tvtecjundiai.com.br\/news\/wp-json\/wp\/v2\/tags?post=52156"}],"curies":[{"name":"wp","href":"https:\/\/api.w.org\/{rel}","templated":true}]}}