{"id":52462,"date":"2020-04-19T11:23:19","date_gmt":"2020-04-19T14:23:19","guid":{"rendered":"https:\/\/tvtecjundiai.com.br\/news\/?p=52462"},"modified":"2020-04-19T12:59:38","modified_gmt":"2020-04-19T15:59:38","slug":"prefeitura-de-jundiai-distribui-20-mil-mascaras-nos-terminais-urbanos","status":"publish","type":"post","link":"https:\/\/tvtecjundiai.com.br\/news\/2020\/04\/19\/prefeitura-de-jundiai-distribui-20-mil-mascaras-nos-terminais-urbanos\/","title":{"rendered":"Prefeitura de Jundia\u00ed distribuir\u00e1 20 mil m\u00e1scaras nos terminais urbanos"},"content":{"rendered":"<p>O gestor da Casa Civil da Prefeitura de Jundia\u00ed, Gustavo Maryssael, confirmou na manh\u00e3 deste domingo (19) o in\u00edcio da distribui\u00e7\u00e3o de 20 mil m\u00e1scaras individuais, nos sete terminais urbanos da cidade. Essas m\u00e1scaras, segundo o gestor da Casa Civil, foram recebidas pelo munic\u00edpio por meio de doa\u00e7\u00f5es.<\/p>\n<div id=\"attachment_52477\" style=\"width: 455px\" class=\"wp-caption alignright\"><img loading=\"lazy\" decoding=\"async\" aria-describedby=\"caption-attachment-52477\" class=\"wp-image-52477\" src=\"https:\/\/tvtecjundiai.com.br\/news\/wp-content\/uploads\/sites\/2\/2020\/04\/mascaras-meninas-300x188.png\" alt=\"\" width=\"445\" height=\"279\" srcset=\"https:\/\/tvtecjundiai.com.br\/news\/wp-content\/uploads\/sites\/2\/2020\/04\/mascaras-meninas-300x188.png 300w, https:\/\/tvtecjundiai.com.br\/news\/wp-content\/uploads\/sites\/2\/2020\/04\/mascaras-meninas.png 620w\" sizes=\"auto, (max-width: 445px) 100vw, 445px\" \/><p id=\"caption-attachment-52477\" class=\"wp-caption-text\">Assessoras de unidade de gest\u00e3o embalam m\u00e1scaras no domingo, para distribui\u00e7\u00e3o nos terminais urbanos de \u00f4nibus<\/p><\/div>\n<p>&#8220;A distribui\u00e7\u00e3o inicial come\u00e7a nesta segunda-feira (20), para um lote de cinco mil m\u00e1scaras&#8221;, informa ele. &#8221; As outras ser\u00e1 distribu\u00eddas no pico de movimento da manh\u00e3 na quarta-feira e no pico de movimento da tarde na quint-feira, nos nossos terminais de \u00f4nibus urbanos&#8221;, completa.<\/p>\n<p>As m\u00e1scaras recebidas em doa\u00e7\u00e3o foram embaladas individualmente numa a\u00e7\u00e3o realizada durante este domingo no Pa\u00e7o Municipal, por uma for\u00e7a-tarefa montada com assessores de quase todas as unidades de gest\u00e3o.&#8221;Est\u00e3o todos empenhados nessa a\u00e7\u00e3o, para que as m\u00e1scaras sejam entregues individualizadas, embaladas e lacradas para os usu\u00e1rios de transportes e suas fam\u00edlias&#8221;, explica Gustavo. &#8220;O foco central da administrar\u00e3o municipal, neste momento, \u00e9 promover a\u00e7\u00f5es que visem evitar um problema maior no futuro&#8221;, acrescenta.<\/p>\n<p>Segundo ele, a a\u00e7\u00e3o faz parte do conjunto de atividades voltadas \u00e0 prote\u00e7\u00e3o aos cidad\u00e3os de Jundia\u00ed, como o distanciamento controlado que entra em vigor tamb\u00e9m nesta segunda-feira. &#8220;Nos terminais urbanos, temos sempre um grande volume de pessoas. Ent\u00e3o \u00e9 importante que as pessoas se protejam.\u00a0 aquelas que sa\u00edrem de casa que seja por absoluta necessidade. Com o uso da m\u00e1scara estar\u00e3o mais protegidas&#8221;, disse. <em>(PFJr.)<\/em><\/p>\n<p>&nbsp;<\/p>\n","protected":false},"excerpt":{"rendered":"<p>A a\u00e7\u00e3o come\u00e7a na manh\u00e3 desta segunda-feira, com um lote de 5 mil m\u00e1scaras<\/p>\n","protected":false},"author":8,"featured_media":52477,"comment_status":"closed","ping_status":"closed","sticky":false,"template":"","format":"standard","meta":{"footnotes":""},"categories":[29,5697,1,2839],"tags":[],"class_list":["post-52462","post","type-post","status-publish","format-standard","has-post-thumbnail","hentry","category-destaque","category-mobilidade-noticias","category-noticias","category-saude"],"_links":{"self":[{"href":"https:\/\/tvtecjundiai.com.br\/news\/wp-json\/wp\/v2\/posts\/52462","targetHints":{"allow":["GET"]}}],"collection":[{"href":"https:\/\/tvtecjundiai.com.br\/news\/wp-json\/wp\/v2\/posts"}],"about":[{"href":"https:\/\/tvtecjundiai.com.br\/news\/wp-json\/wp\/v2\/types\/post"}],"author":[{"embeddable":true,"href":"https:\/\/tvtecjundiai.com.br\/news\/wp-json\/wp\/v2\/users\/8"}],"replies":[{"embeddable":true,"href":"https:\/\/tvtecjundiai.com.br\/news\/wp-json\/wp\/v2\/comments?post=52462"}],"version-history":[{"count":6,"href":"https:\/\/tvtecjundiai.com.br\/news\/wp-json\/wp\/v2\/posts\/52462\/revisions"}],"predecessor-version":[{"id":52478,"href":"https:\/\/tvtecjundiai.com.br\/news\/wp-json\/wp\/v2\/posts\/52462\/revisions\/52478"}],"wp:featuredmedia":[{"embeddable":true,"href":"https:\/\/tvtecjundiai.com.br\/news\/wp-json\/wp\/v2\/media\/52477"}],"wp:attachment":[{"href":"https:\/\/tvtecjundiai.com.br\/news\/wp-json\/wp\/v2\/media?parent=52462"}],"wp:term":[{"taxonomy":"category","embeddable":true,"href":"https:\/\/tvtecjundiai.com.br\/news\/wp-json\/wp\/v2\/categories?post=52462"},{"taxonomy":"post_tag","embeddable":true,"href":"https:\/\/tvtecjundiai.com.br\/news\/wp-json\/wp\/v2\/tags?post=52462"}],"curies":[{"name":"wp","href":"https:\/\/api.w.org\/{rel}","templated":true}]}}