{"id":52512,"date":"2020-04-20T14:52:37","date_gmt":"2020-04-20T17:52:37","guid":{"rendered":"https:\/\/tvtecjundiai.com.br\/news\/?p=52512"},"modified":"2020-04-20T14:52:52","modified_gmt":"2020-04-20T17:52:52","slug":"projeto-social-doa-75-mil-mascaras-tipo-face-shield-para-hospitais-publicos-do-df","status":"publish","type":"post","link":"https:\/\/tvtecjundiai.com.br\/news\/2020\/04\/20\/projeto-social-doa-75-mil-mascaras-tipo-face-shield-para-hospitais-publicos-do-df\/","title":{"rendered":"Projeto social doa 7,5 mil m\u00e1scaras tipo &#8216;face shield&#8217; para hospitais p\u00fablicos do DF"},"content":{"rendered":"<div id=\"attachment_52513\" style=\"width: 310px\" class=\"wp-caption alignright\"><img loading=\"lazy\" decoding=\"async\" aria-describedby=\"caption-attachment-52513\" class=\"wp-image-52513 size-medium\" src=\"https:\/\/tvtecjundiai.com.br\/news\/wp-content\/uploads\/sites\/2\/2020\/04\/faceshielkd-300x169.jpg\" alt=\"\" width=\"300\" height=\"169\" srcset=\"https:\/\/tvtecjundiai.com.br\/news\/wp-content\/uploads\/sites\/2\/2020\/04\/faceshielkd-300x169.jpg 300w, https:\/\/tvtecjundiai.com.br\/news\/wp-content\/uploads\/sites\/2\/2020\/04\/faceshielkd-768x432.jpg 768w, https:\/\/tvtecjundiai.com.br\/news\/wp-content\/uploads\/sites\/2\/2020\/04\/faceshielkd-1200x675.jpg 1200w, https:\/\/tvtecjundiai.com.br\/news\/wp-content\/uploads\/sites\/2\/2020\/04\/faceshielkd.jpg 1280w\" sizes=\"auto, (max-width: 300px) 100vw, 300px\" \/><p id=\"caption-attachment-52513\" class=\"wp-caption-text\">M\u00e1scara se assemelha \u00e0 viseira de um capacete<\/p><\/div>\n<p>O projeto &#8220;Bras\u00edlia Maior que o Covid&#8221; (BMC) doou 7,5 mil m\u00e1scaras do tipo face shield para hospitais da rede p\u00fablica e unidades hospitalares militares do Distrito Federal. A meta dos volunt\u00e1rios \u00e9 produzir cerca de 17 mil m\u00e1scaras \u2013 semelhantes a viseiras de capacetes \u2013 que protegem os profissionais de sa\u00fade contra o novo coronav\u00edrus.<\/p>\n<p>A m\u00e1scara tipo face shield, doada pelo projeto cria uma primeira barreira f\u00edsica que protege os profissionais de sa\u00fade contra got\u00edculas infectadas pelo novo coronav\u00edrus, exaladas pelos pacientes. Por\u00e9m, ainda \u00e9 preciso que essas pessoas usem outros materiais de prote\u00e7\u00e3o, explica o coordenador do projeto Pedro Henrique Morais. &#8220;A face shield \u00e9 uma barreira f\u00edsica. Ela evita o contato da got\u00edcula na face do profissional de sa\u00fade, a got\u00edcula bate na prote\u00e7\u00e3o e fica l\u00e1.&#8221;<\/p>\n<p>Segundo Morais, o que passar por baixo ou pelos lados da face shield, \u00e9 filtrado pela m\u00e1scara convencional, que tamb\u00e9m \u00e9 usada pelas equipes de sa\u00fade.<\/p>\n<p><em>(Fonte: G1\/ Imagem: Reprodu\u00e7\u00e3o Rede Globo)<\/em><\/p>\n","protected":false},"excerpt":{"rendered":"<p>Equipamento protege profissionais de sa\u00fade contra coronav\u00edrus<\/p>\n","protected":false},"author":18,"featured_media":52513,"comment_status":"closed","ping_status":"closed","sticky":false,"template":"","format":"standard","meta":{"footnotes":""},"categories":[3060,1],"tags":[6242,6749],"class_list":["post-52512","post","type-post","status-publish","format-standard","has-post-thumbnail","hentry","category-geral","category-noticias","tag-coronavirus","tag-mascara"],"_links":{"self":[{"href":"https:\/\/tvtecjundiai.com.br\/news\/wp-json\/wp\/v2\/posts\/52512","targetHints":{"allow":["GET"]}}],"collection":[{"href":"https:\/\/tvtecjundiai.com.br\/news\/wp-json\/wp\/v2\/posts"}],"about":[{"href":"https:\/\/tvtecjundiai.com.br\/news\/wp-json\/wp\/v2\/types\/post"}],"author":[{"embeddable":true,"href":"https:\/\/tvtecjundiai.com.br\/news\/wp-json\/wp\/v2\/users\/18"}],"replies":[{"embeddable":true,"href":"https:\/\/tvtecjundiai.com.br\/news\/wp-json\/wp\/v2\/comments?post=52512"}],"version-history":[{"count":1,"href":"https:\/\/tvtecjundiai.com.br\/news\/wp-json\/wp\/v2\/posts\/52512\/revisions"}],"predecessor-version":[{"id":52514,"href":"https:\/\/tvtecjundiai.com.br\/news\/wp-json\/wp\/v2\/posts\/52512\/revisions\/52514"}],"wp:featuredmedia":[{"embeddable":true,"href":"https:\/\/tvtecjundiai.com.br\/news\/wp-json\/wp\/v2\/media\/52513"}],"wp:attachment":[{"href":"https:\/\/tvtecjundiai.com.br\/news\/wp-json\/wp\/v2\/media?parent=52512"}],"wp:term":[{"taxonomy":"category","embeddable":true,"href":"https:\/\/tvtecjundiai.com.br\/news\/wp-json\/wp\/v2\/categories?post=52512"},{"taxonomy":"post_tag","embeddable":true,"href":"https:\/\/tvtecjundiai.com.br\/news\/wp-json\/wp\/v2\/tags?post=52512"}],"curies":[{"name":"wp","href":"https:\/\/api.w.org\/{rel}","templated":true}]}}