{"id":52530,"date":"2020-04-20T15:56:04","date_gmt":"2020-04-20T18:56:04","guid":{"rendered":"https:\/\/tvtecjundiai.com.br\/news\/?p=52530"},"modified":"2020-04-20T15:56:04","modified_gmt":"2020-04-20T18:56:04","slug":"mae-e-filha-com-coronavirus-em-jundiai-recebem-alta-na-mesma-semana","status":"publish","type":"post","link":"https:\/\/tvtecjundiai.com.br\/news\/2020\/04\/20\/mae-e-filha-com-coronavirus-em-jundiai-recebem-alta-na-mesma-semana\/","title":{"rendered":"M\u00e3e e filha com coronav\u00edrus em Jundia\u00ed recebem alta na mesma semana"},"content":{"rendered":"<div class=\"title\">\n<div class=\"mc-column content-text active-extra-styles \" data-block-type=\"unstyled\" data-block-weight=\"23\" data-block-id=\"2\">\n<div id=\"attachment_52531\" style=\"width: 422px\" class=\"wp-caption alignright\"><a href=\"https:\/\/tvtecjundiai.com.br\/news\/wp-content\/uploads\/sites\/2\/2020\/04\/whatsapp-image-2020-04-20-at-11.01.52.jpeg\"><img loading=\"lazy\" decoding=\"async\" aria-describedby=\"caption-attachment-52531\" class=\"wp-image-52531\" src=\"https:\/\/tvtecjundiai.com.br\/news\/wp-content\/uploads\/sites\/2\/2020\/04\/whatsapp-image-2020-04-20-at-11.01.52-300x169.jpeg\" alt=\"\" width=\"412\" height=\"232\" srcset=\"https:\/\/tvtecjundiai.com.br\/news\/wp-content\/uploads\/sites\/2\/2020\/04\/whatsapp-image-2020-04-20-at-11.01.52-300x169.jpeg 300w, https:\/\/tvtecjundiai.com.br\/news\/wp-content\/uploads\/sites\/2\/2020\/04\/whatsapp-image-2020-04-20-at-11.01.52-768x432.jpeg 768w, https:\/\/tvtecjundiai.com.br\/news\/wp-content\/uploads\/sites\/2\/2020\/04\/whatsapp-image-2020-04-20-at-11.01.52.jpeg 1000w\" sizes=\"auto, (max-width: 412px) 100vw, 412px\" \/><\/a><p id=\"caption-attachment-52531\" class=\"wp-caption-text\">Elas foram internadas nos dias 9 e 10 deste m\u00eas.<\/p><\/div>\n<p class=\"content-text__container \" data-track-category=\"Link no Texto\" data-track-links=\"\">M\u00e3e e filha que foram internadas com diagn\u00f3stico de coronav\u00edrus em Jundia\u00ed, conseguiram vencer a doen\u00e7a e tiveram alta na mesma semana.<\/p>\n<\/div>\n<div class=\"wall protected-content\">\n<div class=\"mc-column content-text active-extra-styles \" data-block-type=\"unstyled\" data-block-weight=\"46\" data-block-id=\"3\">\n<p class=\"content-text__container \" data-track-category=\"Link no Texto\" data-track-links=\"\">L\u00eddia Bernardino da Silva deu entrada no Hospital de Caridade S\u00e3o Vicente de Paulo (HSVP) no dia 10 deste m\u00eas e a filha dela, Maria Cec\u00edlia Risatto, um dia antes.<\/p>\n<\/div>\n<div class=\"mc-column content-text active-extra-styles \" data-block-type=\"unstyled\" data-block-weight=\"21\" data-block-id=\"5\">\n<p class=\"content-text__container \" data-track-category=\"Link no Texto\" data-track-links=\"\">As duas tiveram alta, respectivamente, na sexta-feira (17) e no s\u00e1bado (18). Elas j\u00e1 est\u00e3o em casa e passam bem.<\/p>\n<\/div>\n<div class=\"mc-column content-text active-extra-styles \" data-block-type=\"unstyled\" data-block-weight=\"26\" data-block-id=\"7\">\n<p class=\"content-text__container \" data-track-category=\"Link no Texto\" data-track-links=\"\">Segundo L\u00eddia, receber alta foi uma sensa\u00e7\u00e3o \u00f3tima. Ela lembra que ficou emocionada ao chegar em casa e ver toda a fam\u00edlia esperando por ela. &#8220;Quando ela disse que eu estava com alta, a sensa\u00e7\u00e3o&#8230;n\u00e3o sei nem explicar. Quando cheguei em casa, vi meu cachorrinho e ele ficou alegre&#8230;meus filhos e netos, todos esperando. Foi uma sensa\u00e7\u00e3o t\u00e3o grande que eu n\u00e3o resisti, tive que chorar&#8221;, confessa.<\/p>\n<p class=\"content-text__container \" data-track-category=\"Link no Texto\" data-track-links=\"\">&#8220;Foi uma sensa\u00e7\u00e3o maravilhosa. Rever a fam\u00edlia foi a coisa mais feliz da minha vida, saber que Deus tinha me dado mais uma chance de viver ao lado deles&#8221;, completa Maria Cec\u00edlia.<\/p>\n<p class=\"content-text__container \" data-track-category=\"Link no Texto\" data-track-links=\"\">Quando recebeu alta, L\u00eddia foi homenageada pelos profissionais da sa\u00fade do hospital, que formaram um corredor para se despedirem dela com aplausos<b><i>. <\/i><\/b><\/p>\n<\/div>\n<\/div>\n<\/div>\n<div class=\"medium-centered subtitle\"><em>(Fonte: G1\/Foto: \u00a0Jos\u00e9lia Cristina Da Silva\/Arquivo pessoal)<\/em><\/div>\n","protected":false},"excerpt":{"rendered":"<p>Elas foram internadas nos dias 9 e 10 deste m\u00eas<\/p>\n","protected":false},"author":13,"featured_media":52531,"comment_status":"closed","ping_status":"closed","sticky":false,"template":"","format":"standard","meta":{"footnotes":""},"categories":[2834,1,2839],"tags":[5,6375],"class_list":["post-52530","post","type-post","status-publish","format-standard","has-post-thumbnail","hentry","category-cidades","category-noticias","category-saude","tag-jundiai","tag-novo-cornavirus"],"_links":{"self":[{"href":"https:\/\/tvtecjundiai.com.br\/news\/wp-json\/wp\/v2\/posts\/52530","targetHints":{"allow":["GET"]}}],"collection":[{"href":"https:\/\/tvtecjundiai.com.br\/news\/wp-json\/wp\/v2\/posts"}],"about":[{"href":"https:\/\/tvtecjundiai.com.br\/news\/wp-json\/wp\/v2\/types\/post"}],"author":[{"embeddable":true,"href":"https:\/\/tvtecjundiai.com.br\/news\/wp-json\/wp\/v2\/users\/13"}],"replies":[{"embeddable":true,"href":"https:\/\/tvtecjundiai.com.br\/news\/wp-json\/wp\/v2\/comments?post=52530"}],"version-history":[{"count":1,"href":"https:\/\/tvtecjundiai.com.br\/news\/wp-json\/wp\/v2\/posts\/52530\/revisions"}],"predecessor-version":[{"id":52532,"href":"https:\/\/tvtecjundiai.com.br\/news\/wp-json\/wp\/v2\/posts\/52530\/revisions\/52532"}],"wp:featuredmedia":[{"embeddable":true,"href":"https:\/\/tvtecjundiai.com.br\/news\/wp-json\/wp\/v2\/media\/52531"}],"wp:attachment":[{"href":"https:\/\/tvtecjundiai.com.br\/news\/wp-json\/wp\/v2\/media?parent=52530"}],"wp:term":[{"taxonomy":"category","embeddable":true,"href":"https:\/\/tvtecjundiai.com.br\/news\/wp-json\/wp\/v2\/categories?post=52530"},{"taxonomy":"post_tag","embeddable":true,"href":"https:\/\/tvtecjundiai.com.br\/news\/wp-json\/wp\/v2\/tags?post=52530"}],"curies":[{"name":"wp","href":"https:\/\/api.w.org\/{rel}","templated":true}]}}