{"id":52569,"date":"2020-04-20T18:11:58","date_gmt":"2020-04-20T21:11:58","guid":{"rendered":"https:\/\/tvtecjundiai.com.br\/news\/?p=52569"},"modified":"2020-04-20T18:11:58","modified_gmt":"2020-04-20T21:11:58","slug":"jundiai-tem-7-obitos-confirmados-por-covid-19","status":"publish","type":"post","link":"https:\/\/tvtecjundiai.com.br\/news\/2020\/04\/20\/jundiai-tem-7-obitos-confirmados-por-covid-19\/","title":{"rendered":"Jundia\u00ed tem 7 \u00f3bitos confirmados por Covid-19"},"content":{"rendered":"<p><span style=\"font-weight: 400;\">O <\/span><b>Boletim TVTEC<\/b><span style=\"font-weight: 400;\"> desta segunda-feira (20), ao vivo pelas redes sociais e pelo canal 24 na NET, atualizou os dados do Novo Coronav\u00edrus em Jundia\u00ed. O gestor de Sa\u00fade, Tiago Texera, confirmou mais duas mortes por Covid-19 no munic\u00edpio. As duas v\u00edtimas eram do sexo masculino (uma de 34 e outra de 82 anos) ambas com comorbidades.\u00a0<\/span><\/p>\n<p><span style=\"font-weight: 400;\">Ao todo, Jundia\u00ed registra 86 casos positivos da Covid-19, sendo 64 aguardando em isolamento domiciliar, 13 pessoas est\u00e3o internadas em Jundia\u00ed, 2 internados em outros munic\u00edpios, 7 \u00f3bitos confirmados e 11 casos recuperados na cidade. A cidade possui 62 leitos ocupados &#8211; 25 por moradores de outros munic\u00edpios da regi\u00e3o. Confira os dados atualizados no <\/span><a href=\"https:\/\/jundiai.sp.gov.br\/coronavirus\/\"><span style=\"font-weight: 400;\">Informe Epidemiol\u00f3gico.<\/span><\/a><\/p>\n<p><span style=\"font-weight: 400;\">O gestor tamb\u00e9m falou sobre<\/span><span style=\"font-weight: 400;\"> a distribui\u00e7\u00e3o de 20 mil m\u00e1scaras individuais, nos terminais urbanos da cidade, iniciada na manh\u00e3 desta segunda-feira. Al\u00e9m disso, refor\u00e7ou a import\u00e2ncia do isolamento. \u201cN\u00e3o \u00e9 tempo de baixar a guarda, pois o isolamento social ainda \u00e9 o padr\u00e3o ouro estabelecido pela Prefeitura Municipal de Jundia\u00ed\u201d, alertou.\u00a0<\/span><\/p>\n<p><b>ASSISTA A \u00cdNTEGRA DA O BOLETIM TVTEC DE 20 DE ABRIL DE 2020<\/b><\/p>\n<p>https:\/\/www.facebook.com\/tvtecjundiai\/videos\/273894393772866\/<\/p>\n","protected":false},"excerpt":{"rendered":"<p>Gestor da Sa\u00fade refor\u00e7ou a import\u00e2ncia do isolamento social<\/p>\n","protected":false},"author":18,"featured_media":52559,"comment_status":"closed","ping_status":"closed","sticky":false,"template":"","format":"standard","meta":{"footnotes":""},"categories":[29,1,2839],"tags":[6520,6752,6507,6342,6753],"class_list":["post-52569","post","type-post","status-publish","format-standard","has-post-thumbnail","hentry","category-destaque","category-noticias","category-saude","tag-fiqueemcasa","tag-boletim-tvetc","tag-isolamento-social","tag-novo-coronavirus","tag-use-mascara"],"_links":{"self":[{"href":"https:\/\/tvtecjundiai.com.br\/news\/wp-json\/wp\/v2\/posts\/52569","targetHints":{"allow":["GET"]}}],"collection":[{"href":"https:\/\/tvtecjundiai.com.br\/news\/wp-json\/wp\/v2\/posts"}],"about":[{"href":"https:\/\/tvtecjundiai.com.br\/news\/wp-json\/wp\/v2\/types\/post"}],"author":[{"embeddable":true,"href":"https:\/\/tvtecjundiai.com.br\/news\/wp-json\/wp\/v2\/users\/18"}],"replies":[{"embeddable":true,"href":"https:\/\/tvtecjundiai.com.br\/news\/wp-json\/wp\/v2\/comments?post=52569"}],"version-history":[{"count":2,"href":"https:\/\/tvtecjundiai.com.br\/news\/wp-json\/wp\/v2\/posts\/52569\/revisions"}],"predecessor-version":[{"id":52576,"href":"https:\/\/tvtecjundiai.com.br\/news\/wp-json\/wp\/v2\/posts\/52569\/revisions\/52576"}],"wp:featuredmedia":[{"embeddable":true,"href":"https:\/\/tvtecjundiai.com.br\/news\/wp-json\/wp\/v2\/media\/52559"}],"wp:attachment":[{"href":"https:\/\/tvtecjundiai.com.br\/news\/wp-json\/wp\/v2\/media?parent=52569"}],"wp:term":[{"taxonomy":"category","embeddable":true,"href":"https:\/\/tvtecjundiai.com.br\/news\/wp-json\/wp\/v2\/categories?post=52569"},{"taxonomy":"post_tag","embeddable":true,"href":"https:\/\/tvtecjundiai.com.br\/news\/wp-json\/wp\/v2\/tags?post=52569"}],"curies":[{"name":"wp","href":"https:\/\/api.w.org\/{rel}","templated":true}]}}