{"id":52626,"date":"2020-04-22T11:02:24","date_gmt":"2020-04-22T14:02:24","guid":{"rendered":"https:\/\/tvtecjundiai.com.br\/news\/?p=52626"},"modified":"2020-04-22T11:03:04","modified_gmt":"2020-04-22T14:03:04","slug":"cameras-de-seguranca-acompanham-movimentacao-do-comercio-em-jundiai","status":"publish","type":"post","link":"https:\/\/tvtecjundiai.com.br\/news\/2020\/04\/22\/cameras-de-seguranca-acompanham-movimentacao-do-comercio-em-jundiai\/","title":{"rendered":"C\u00e2meras de seguran\u00e7a acompanham movimenta\u00e7\u00e3o do com\u00e9rcio em Jundia\u00ed"},"content":{"rendered":"<div class=\"mc-column content-text active-extra-styles \" data-block-type=\"unstyled\" data-block-weight=\"40\" data-block-id=\"2\">\n<div id=\"attachment_52627\" style=\"width: 414px\" class=\"wp-caption alignright\"><a href=\"https:\/\/tvtecjundiai.com.br\/news\/wp-content\/uploads\/sites\/2\/2020\/04\/2-11.jpg\"><img loading=\"lazy\" decoding=\"async\" aria-describedby=\"caption-attachment-52627\" class=\"wp-image-52627\" src=\"https:\/\/tvtecjundiai.com.br\/news\/wp-content\/uploads\/sites\/2\/2020\/04\/2-11-300x216.jpg\" alt=\"\" width=\"404\" height=\"291\" srcset=\"https:\/\/tvtecjundiai.com.br\/news\/wp-content\/uploads\/sites\/2\/2020\/04\/2-11-300x216.jpg 300w, https:\/\/tvtecjundiai.com.br\/news\/wp-content\/uploads\/sites\/2\/2020\/04\/2-11-768x552.jpg 768w, https:\/\/tvtecjundiai.com.br\/news\/wp-content\/uploads\/sites\/2\/2020\/04\/2-11-1200x863.jpg 1200w, https:\/\/tvtecjundiai.com.br\/news\/wp-content\/uploads\/sites\/2\/2020\/04\/2-11.jpg 1240w\" sizes=\"auto, (max-width: 404px) 100vw, 404px\" \/><\/a><p id=\"caption-attachment-52627\" class=\"wp-caption-text\">Objetivo \u00e9 garantir que os estabelecimentos cumpram as normas de prote\u00e7\u00e3o da OMS<\/p><\/div>\n<p class=\"content-text__container \" data-track-category=\"Link no Texto\" data-track-links=\"\">O primeiro dia \u00fatil da flexibiliza\u00e7\u00e3o do com\u00e9rcio em Jundia\u00ed \u00e9 nesta quarta-feira (22) e, para ajudar na fiscaliza\u00e7\u00e3o, as c\u00e2meras de seguran\u00e7a da Guarda Civil Municipal realizam o monitoramento do fluxo de pessoas nas principais vias da cidade.<\/p>\n<\/div>\n<div class=\"wall protected-content\">\n<div class=\"mc-column content-text active-extra-styles \" data-block-type=\"unstyled\" data-block-weight=\"35\" data-block-id=\"3\">\n<p class=\"content-text__container \" data-track-category=\"Link no Texto\" data-track-links=\"\">O objetivo \u00e9 garantir que os estabelecimentos cumpram as normas de prote\u00e7\u00e3o da Organiza\u00e7\u00e3o Mundial da Sa\u00fade (OMS), como o atendimento individualizado, a higieniza\u00e7\u00e3o do espa\u00e7o e a dist\u00e2ncia segura, durante a pandemia de coronav\u00edrus.<\/p>\n<\/div>\n<div class=\"mc-column content-text active-extra-styles\" data-block-type=\"raw\" data-block-weight=\"3\" data-block-id=\"4\">\n<div class=\"content-intertitle\">\n<p><strong>Casos na cidade<\/strong><\/p>\n<\/div>\n<\/div>\n<div class=\"mc-column content-text active-extra-styles \" data-block-type=\"unstyled\" data-block-weight=\"23\" data-block-id=\"5\">\n<p class=\"content-text__container \" data-track-category=\"Link no Texto\" data-track-links=\"\">At\u00e9 ter\u00e7a-feira (21), Jundia\u00ed tinha nove \u00f3bitos confirmados por Covid-19, al\u00e9m de outros oito que ainda aguardam os resultados do Instituto Adolfo Lutz.<\/p>\n<\/div>\n<div class=\"mc-column content-text active-extra-styles \" data-block-type=\"unstyled\" data-block-weight=\"37\" data-block-id=\"6\">\n<p class=\"content-text__container \" data-track-category=\"Link no Texto\" data-track-links=\"\">O munic\u00edpio tamb\u00e9m registra 87 casos positivos de coronav\u00edrus, sendo 64 que est\u00e3o em casa e 14 internados no munic\u00edpio ou em outra cidade. Desde o in\u00edcio da pandemia, a cidade contabiliza 11 pessoas recuperadas da doen\u00e7a.<\/p>\n<p data-track-category=\"Link no Texto\" data-track-links=\"\"><em>(Fonte: G1\/Foto: Prefeitura de Jundia\u00ed)<\/em><\/p>\n<\/div>\n<\/div>\n","protected":false},"excerpt":{"rendered":"<p>Objetivo \u00e9 garantir que os estabelecimentos cumpram as normas de prote\u00e7\u00e3o da OMS <\/p>\n","protected":false},"author":13,"featured_media":52627,"comment_status":"closed","ping_status":"closed","sticky":false,"template":"","format":"standard","meta":{"footnotes":""},"categories":[2834,1,2839],"tags":[588,5,6342],"class_list":["post-52626","post","type-post","status-publish","format-standard","has-post-thumbnail","hentry","category-cidades","category-noticias","category-saude","tag-comercio","tag-jundiai","tag-novo-coronavirus"],"_links":{"self":[{"href":"https:\/\/tvtecjundiai.com.br\/news\/wp-json\/wp\/v2\/posts\/52626","targetHints":{"allow":["GET"]}}],"collection":[{"href":"https:\/\/tvtecjundiai.com.br\/news\/wp-json\/wp\/v2\/posts"}],"about":[{"href":"https:\/\/tvtecjundiai.com.br\/news\/wp-json\/wp\/v2\/types\/post"}],"author":[{"embeddable":true,"href":"https:\/\/tvtecjundiai.com.br\/news\/wp-json\/wp\/v2\/users\/13"}],"replies":[{"embeddable":true,"href":"https:\/\/tvtecjundiai.com.br\/news\/wp-json\/wp\/v2\/comments?post=52626"}],"version-history":[{"count":2,"href":"https:\/\/tvtecjundiai.com.br\/news\/wp-json\/wp\/v2\/posts\/52626\/revisions"}],"predecessor-version":[{"id":52629,"href":"https:\/\/tvtecjundiai.com.br\/news\/wp-json\/wp\/v2\/posts\/52626\/revisions\/52629"}],"wp:featuredmedia":[{"embeddable":true,"href":"https:\/\/tvtecjundiai.com.br\/news\/wp-json\/wp\/v2\/media\/52627"}],"wp:attachment":[{"href":"https:\/\/tvtecjundiai.com.br\/news\/wp-json\/wp\/v2\/media?parent=52626"}],"wp:term":[{"taxonomy":"category","embeddable":true,"href":"https:\/\/tvtecjundiai.com.br\/news\/wp-json\/wp\/v2\/categories?post=52626"},{"taxonomy":"post_tag","embeddable":true,"href":"https:\/\/tvtecjundiai.com.br\/news\/wp-json\/wp\/v2\/tags?post=52626"}],"curies":[{"name":"wp","href":"https:\/\/api.w.org\/{rel}","templated":true}]}}