{"id":52632,"date":"2020-04-22T11:21:24","date_gmt":"2020-04-22T14:21:24","guid":{"rendered":"https:\/\/tvtecjundiai.com.br\/news\/?p=52632"},"modified":"2020-04-22T11:26:52","modified_gmt":"2020-04-22T14:26:52","slug":"vizinhos-escolhem-musicas-em-enquete-e-jovem-toca-da-janela","status":"publish","type":"post","link":"https:\/\/tvtecjundiai.com.br\/news\/2020\/04\/22\/vizinhos-escolhem-musicas-em-enquete-e-jovem-toca-da-janela\/","title":{"rendered":"Vizinhos escolhem m\u00fasicas em enquete e jovem toca da janela"},"content":{"rendered":"<div id=\"attachment_52633\" style=\"width: 294px\" class=\"wp-caption alignright\"><a href=\"https:\/\/tvtecjundiai.com.br\/news\/wp-content\/uploads\/sites\/2\/2020\/04\/M\u00fasica-Vizinhos-Janela-1-e1587084205936.jpeg\"><img loading=\"lazy\" decoding=\"async\" aria-describedby=\"caption-attachment-52633\" class=\"wp-image-52633\" src=\"https:\/\/tvtecjundiai.com.br\/news\/wp-content\/uploads\/sites\/2\/2020\/04\/M\u00fasica-Vizinhos-Janela-1-e1587084205936-300x399.jpeg\" alt=\"\" width=\"284\" height=\"378\" srcset=\"https:\/\/tvtecjundiai.com.br\/news\/wp-content\/uploads\/sites\/2\/2020\/04\/M\u00fasica-Vizinhos-Janela-1-e1587084205936-300x399.jpeg 300w, https:\/\/tvtecjundiai.com.br\/news\/wp-content\/uploads\/sites\/2\/2020\/04\/M\u00fasica-Vizinhos-Janela-1-e1587084205936.jpeg 433w\" sizes=\"auto, (max-width: 284px) 100vw, 284px\" \/><\/a><p id=\"caption-attachment-52633\" class=\"wp-caption-text\">O Rodrigo faz lives todas as noites na Hora do Cl\u00e1ssico.<\/p><\/div>\n<p>A a\u00e7\u00e3o &#8220;A Hora do Cl\u00e1ssico&#8221;, que j\u00e1 virou moda no mundo todo, chegou ao Rio de Janeiro. Todas as noites, o mesmo hor\u00e1rio, um jovem toca m\u00fasica para a vizinhan\u00e7a e s\u00e3o eles que escolhem as a\u00e7\u00f5es.\u00a0J\u00e1 faz um m\u00eas que Rodrigo Boecker faz isso, todas as noites religiosamente \u00e0s 19h. A ideia surgiu de forma natural quando lan\u00e7aram aquele desafio para cantar da varanda de casa a m\u00fasica \u201cEvid\u00eancias\u201d, de Xit\u00e3ozinho e Xoror\u00f3.<\/p>\n<p>\u201cComo sou P\u00c9SSIMO cantor, resolvi ent\u00e3o pegar minha caixinha de som e p\u00f4r a m\u00fasica pra tocar. Vi algumas pessoas aparecendo nas janelas e acompanhando: umas achando estranho, outras curtindo. Quando acabou, algumas pessoas me cumprimentaram e outras agradeceram\u201d, disse ele. Nas redes sociais dele, Rodrigo coloca tr\u00eas can\u00e7\u00f5es para as pessoas escolherem entre elas qual vai ser a tocada. De noite, \u00e0s 19h, os vizinhos sempre est\u00e3o l\u00e1 para ouvir .<\/p>\n<p>E sabe o que t\u00e1 acontecendo? As pessoas est\u00e3o colocando o cl\u00e1ssico do dia para tocar no mesmo hor\u00e1rio em caixas de som nas suas casas tamb\u00e9m para que a m\u00fasica possa chegar mais longe ainda. \u201cO divertido \u00e9 que fa\u00e7o uma contagem regressiva e, \u00e0s 19h eu fa\u00e7o um sinal para que todos apertem o play ao mesmo tempo.\u00a0No fim, fa\u00e7o sempre quest\u00e3o de perguntar se todos est\u00e3o bem, desejar uma boa noite e desejar que possamos nos ver no dia seguinte\u201d.<\/p>\n<p>A\u00ed os vizinhos come\u00e7aram a apagar as luzes dos apartamentos e acender a lanterna dos celulares nas janelas e nas varandas.<\/p>\n<p><em>(Fonte: Raz\u00f5es Para Acreditar\/Foto: Arquivo Pessoal)<\/em><\/p>\n<p>&nbsp;<\/p>\n","protected":false},"excerpt":{"rendered":"<p>A a\u00e7\u00e3o &#8220;A Hora do Cl\u00e1ssico&#8221;, que j\u00e1 virou moda no mundo todo, chegou ao Rio de Janeiro <\/p>\n","protected":false},"author":13,"featured_media":52634,"comment_status":"closed","ping_status":"closed","sticky":false,"template":"","format":"standard","meta":{"footnotes":""},"categories":[3076,1],"tags":[6758,6507,1034],"class_list":["post-52632","post","type-post","status-publish","format-standard","has-post-thumbnail","hentry","category-entretenimento","category-noticias","tag-hora-do-classico","tag-isolamento-social","tag-musica"],"_links":{"self":[{"href":"https:\/\/tvtecjundiai.com.br\/news\/wp-json\/wp\/v2\/posts\/52632","targetHints":{"allow":["GET"]}}],"collection":[{"href":"https:\/\/tvtecjundiai.com.br\/news\/wp-json\/wp\/v2\/posts"}],"about":[{"href":"https:\/\/tvtecjundiai.com.br\/news\/wp-json\/wp\/v2\/types\/post"}],"author":[{"embeddable":true,"href":"https:\/\/tvtecjundiai.com.br\/news\/wp-json\/wp\/v2\/users\/13"}],"replies":[{"embeddable":true,"href":"https:\/\/tvtecjundiai.com.br\/news\/wp-json\/wp\/v2\/comments?post=52632"}],"version-history":[{"count":2,"href":"https:\/\/tvtecjundiai.com.br\/news\/wp-json\/wp\/v2\/posts\/52632\/revisions"}],"predecessor-version":[{"id":52636,"href":"https:\/\/tvtecjundiai.com.br\/news\/wp-json\/wp\/v2\/posts\/52632\/revisions\/52636"}],"wp:featuredmedia":[{"embeddable":true,"href":"https:\/\/tvtecjundiai.com.br\/news\/wp-json\/wp\/v2\/media\/52634"}],"wp:attachment":[{"href":"https:\/\/tvtecjundiai.com.br\/news\/wp-json\/wp\/v2\/media?parent=52632"}],"wp:term":[{"taxonomy":"category","embeddable":true,"href":"https:\/\/tvtecjundiai.com.br\/news\/wp-json\/wp\/v2\/categories?post=52632"},{"taxonomy":"post_tag","embeddable":true,"href":"https:\/\/tvtecjundiai.com.br\/news\/wp-json\/wp\/v2\/tags?post=52632"}],"curies":[{"name":"wp","href":"https:\/\/api.w.org\/{rel}","templated":true}]}}