{"id":52640,"date":"2020-04-22T11:46:17","date_gmt":"2020-04-22T14:46:17","guid":{"rendered":"https:\/\/tvtecjundiai.com.br\/news\/?p=52640"},"modified":"2020-04-22T12:27:03","modified_gmt":"2020-04-22T15:27:03","slug":"pao-e-poesia-faz-campanha-virtual-para-o-funss-jundiai","status":"publish","type":"post","link":"https:\/\/tvtecjundiai.com.br\/news\/2020\/04\/22\/pao-e-poesia-faz-campanha-virtual-para-o-funss-jundiai\/","title":{"rendered":"&#8220;P\u00e3o e Poesia&#8221; faz campanha virtual para o Funss Jundia\u00ed"},"content":{"rendered":"<p>Uma campanha virtual inspirada no festival P\u00e3o e Poesia, que fez sucesso nos anos 90, em Jundia\u00ed, j\u00e1 resulta em doa\u00e7\u00f5es de alimentos n\u00e3o perec\u00edveis e produtos de limpeza e higiene para o Fundo Social de Solidariedade (Funss).<\/p>\n<div id=\"attachment_52641\" style=\"width: 391px\" class=\"wp-caption alignright\"><a href=\"https:\/\/tvtecjundiai.com.br\/news\/wp-content\/uploads\/sites\/2\/2020\/04\/pao_poesia_funss-1280x853.jpg\"><img loading=\"lazy\" decoding=\"async\" aria-describedby=\"caption-attachment-52641\" class=\"wp-image-52641\" src=\"https:\/\/tvtecjundiai.com.br\/news\/wp-content\/uploads\/sites\/2\/2020\/04\/pao_poesia_funss-1280x853-300x200.jpg\" alt=\"\" width=\"381\" height=\"254\" srcset=\"https:\/\/tvtecjundiai.com.br\/news\/wp-content\/uploads\/sites\/2\/2020\/04\/pao_poesia_funss-1280x853-300x200.jpg 300w, https:\/\/tvtecjundiai.com.br\/news\/wp-content\/uploads\/sites\/2\/2020\/04\/pao_poesia_funss-1280x853-768x512.jpg 768w, https:\/\/tvtecjundiai.com.br\/news\/wp-content\/uploads\/sites\/2\/2020\/04\/pao_poesia_funss-1280x853-1200x800.jpg 1200w, https:\/\/tvtecjundiai.com.br\/news\/wp-content\/uploads\/sites\/2\/2020\/04\/pao_poesia_funss-1280x853.jpg 1280w\" sizes=\"auto, (max-width: 381px) 100vw, 381px\" \/><\/a><p id=\"caption-attachment-52641\" class=\"wp-caption-text\">Em campanha virtual, artistas incentivam doa\u00e7\u00f5es, diretamente, ao Funss<\/p><\/div>\n<p>Para mobilizar a popula\u00e7\u00e3o, um grupo de artistas locais realiza, periodicamente, transmiss\u00f5es ao vivo pelas redes sociais com apresenta\u00e7\u00f5es de m\u00fasica, teatro, dan\u00e7a, poesia, artes pl\u00e1sticas, fotografia, cinema e literatura.<\/p>\n<p>\u201cComo a iniciativa \u00e9 virtual, alertaremos para que as pessoas fa\u00e7am doa\u00e7\u00f5es diretamente para o Fundo Social, ou seja, para que a pessoa tamb\u00e9m compre algo para levar ao Parque da Uva, onde fica o Funss, quando for ao mercado para fazer compras para a pr\u00f3pria fam\u00edlia\u201d, explicou o m\u00fasico, Tom Nando. O p\u00fablico poder\u00e1 acompanhar a programa\u00e7\u00e3o art\u00edstica preparada na\u00a0<a href=\"https:\/\/www.facebook.com\/paoepoesiajundiai\/\">p\u00e1gina oficial do grupo no Facebook.<\/a><\/p>\n<p>Em sua primeira vers\u00e3o da campanha, na d\u00e9cada de 1990, o Festival reuniu mais de 200 artistas em v\u00e1rios anos, teve disco lan\u00e7ado e exposi\u00e7\u00f5es, chegando a 100 toneladas de alimentos arrecadados em uma \u00fanica edi\u00e7\u00e3o.<\/p>\n<p><em>(Fonte\/Foto: Prefeitura de Jundia\u00ed)<\/em><\/p>\n","protected":false},"excerpt":{"rendered":"<p>Programa\u00e7\u00e3o art\u00edstica est\u00e1 dispon\u00edvel na\u00a0p\u00e1gina oficial do grupo no Facebook<\/p>\n","protected":false},"author":13,"featured_media":52641,"comment_status":"closed","ping_status":"closed","sticky":false,"template":"","format":"standard","meta":{"footnotes":""},"categories":[2833,29,1],"tags":[5850,5,6761],"class_list":["post-52640","post","type-post","status-publish","format-standard","has-post-thumbnail","hentry","category-cultura","category-destaque","category-noticias","tag-funss-jundiai","tag-jundiai","tag-pao-e-poesia"],"_links":{"self":[{"href":"https:\/\/tvtecjundiai.com.br\/news\/wp-json\/wp\/v2\/posts\/52640","targetHints":{"allow":["GET"]}}],"collection":[{"href":"https:\/\/tvtecjundiai.com.br\/news\/wp-json\/wp\/v2\/posts"}],"about":[{"href":"https:\/\/tvtecjundiai.com.br\/news\/wp-json\/wp\/v2\/types\/post"}],"author":[{"embeddable":true,"href":"https:\/\/tvtecjundiai.com.br\/news\/wp-json\/wp\/v2\/users\/13"}],"replies":[{"embeddable":true,"href":"https:\/\/tvtecjundiai.com.br\/news\/wp-json\/wp\/v2\/comments?post=52640"}],"version-history":[{"count":4,"href":"https:\/\/tvtecjundiai.com.br\/news\/wp-json\/wp\/v2\/posts\/52640\/revisions"}],"predecessor-version":[{"id":52659,"href":"https:\/\/tvtecjundiai.com.br\/news\/wp-json\/wp\/v2\/posts\/52640\/revisions\/52659"}],"wp:featuredmedia":[{"embeddable":true,"href":"https:\/\/tvtecjundiai.com.br\/news\/wp-json\/wp\/v2\/media\/52641"}],"wp:attachment":[{"href":"https:\/\/tvtecjundiai.com.br\/news\/wp-json\/wp\/v2\/media?parent=52640"}],"wp:term":[{"taxonomy":"category","embeddable":true,"href":"https:\/\/tvtecjundiai.com.br\/news\/wp-json\/wp\/v2\/categories?post=52640"},{"taxonomy":"post_tag","embeddable":true,"href":"https:\/\/tvtecjundiai.com.br\/news\/wp-json\/wp\/v2\/tags?post=52640"}],"curies":[{"name":"wp","href":"https:\/\/api.w.org\/{rel}","templated":true}]}}