{"id":52650,"date":"2020-04-22T12:01:32","date_gmt":"2020-04-22T15:01:32","guid":{"rendered":"https:\/\/tvtecjundiai.com.br\/news\/?p=52650"},"modified":"2020-04-22T12:05:50","modified_gmt":"2020-04-22T15:05:50","slug":"concurso-publico-abre-925-vagas-na-area-da-saude-contra-pandemia","status":"publish","type":"post","link":"https:\/\/tvtecjundiai.com.br\/news\/2020\/04\/22\/concurso-publico-abre-925-vagas-na-area-da-saude-contra-pandemia\/","title":{"rendered":"Concurso p\u00fablico abre 925 vagas na \u00e1rea da sa\u00fade contra pandemia"},"content":{"rendered":"<div class=\"mc-column content-text active-extra-styles \" data-block-type=\"unstyled\" data-block-weight=\"35\" data-block-id=\"2\">\n<div id=\"attachment_52651\" style=\"width: 373px\" class=\"wp-caption alignright\"><a href=\"https:\/\/tvtecjundiai.com.br\/news\/wp-content\/uploads\/sites\/2\/2020\/04\/concurso.jpg\"><img loading=\"lazy\" decoding=\"async\" aria-describedby=\"caption-attachment-52651\" class=\"wp-image-52651\" src=\"https:\/\/tvtecjundiai.com.br\/news\/wp-content\/uploads\/sites\/2\/2020\/04\/concurso-300x200.jpg\" alt=\"\" width=\"363\" height=\"242\" srcset=\"https:\/\/tvtecjundiai.com.br\/news\/wp-content\/uploads\/sites\/2\/2020\/04\/concurso-300x200.jpg 300w, https:\/\/tvtecjundiai.com.br\/news\/wp-content\/uploads\/sites\/2\/2020\/04\/concurso-768x512.jpg 768w, https:\/\/tvtecjundiai.com.br\/news\/wp-content\/uploads\/sites\/2\/2020\/04\/concurso.jpg 1000w\" sizes=\"auto, (max-width: 363px) 100vw, 363px\" \/><\/a><p id=\"caption-attachment-52651\" class=\"wp-caption-text\">Vunesp promove concurso p\u00fablico emergencial na \u00e1rea da sa\u00fade contra pandemia de Covid-19<\/p><\/div>\n<p class=\"content-text__container \" data-track-category=\"Link no Texto\" data-track-links=\"\">A Vunesp, organizadora de vestibulares e concursos p\u00fablicos no pa\u00eds, realizar\u00e1 um processo seletivo gratuito emergencial de vagas destinadas \u00e0 complementa\u00e7\u00e3o da for\u00e7a de trabalho na \u00e1rea m\u00e9dica no combate \u00e0 pandemia de coronav\u00edrus.<\/p>\n<\/div>\n<div class=\"wall protected-content\">\n<div class=\"mc-column content-text active-extra-styles \" data-block-type=\"unstyled\" data-block-weight=\"16\" data-block-id=\"3\">\n<p class=\"content-text__container \" data-track-category=\"Link no Texto\" data-track-links=\"\">A todo, 925 vagas ser\u00e3o disponibilizadas. As inscri\u00e7\u00f5es v\u00e3o at\u00e9 o dia\u00a022 de abril. Confira as vagas.<\/p>\n<\/div>\n<div class=\"mc-column content-text active-extra-styles\" data-block-type=\"raw\" data-block-weight=\"27\" data-block-id=\"5\">\n<ul class=\"content-unordered-list\">\n<li><strong>T\u00e9cnico de enfermagem<\/strong>: 630 vagas.<\/li>\n<li><strong>M\u00e9dico<\/strong>\u00a0(Especialidade: Cl\u00ednica M\u00e9dica): 245 vagas<\/li>\n<li><strong>Oficial de sa\u00fade:<\/strong>\u00a030 vagas<\/li>\n<li><strong>Agente t\u00e9cnico de Assist\u00eancia \u00e0 Sa\u00fade<\/strong>\u00a0(assistente social): 20 vagas<\/li>\n<\/ul>\n<\/div>\n<div class=\"mc-column content-text active-extra-styles \" data-block-type=\"unstyled\" data-block-weight=\"26\" data-block-id=\"6\">\n<p class=\"content-text__container \" data-track-category=\"Link no Texto\" data-track-links=\"\">De acordo com a funda\u00e7\u00e3o, avalia\u00e7\u00e3o dos candidatos ser\u00e1 feita por meio da an\u00e1lise de t\u00edtulos, considerando experi\u00eancia profissional e t\u00edtulos acad\u00eamicos para todas as especialidades. Para conferir o regulamento completo e se candidatar, basta acessa o<strong> <a href=\"https:\/\/www.vunesp.com.br\/SESA2001\" target=\"_blank\" rel=\"noopener noreferrer\">site oficial da Vunesp.<\/a><\/strong><\/p>\n<p data-track-category=\"Link no Texto\" data-track-links=\"\"><em>(Fonte: G1\/Foto: Reprodu\u00e7\u00e3o\/Redes Sociais)<\/em><\/p>\n<\/div>\n<\/div>\n","protected":false},"excerpt":{"rendered":"<p>Inscri\u00e7\u00f5es v\u00e3o at\u00e9 essa segunda-feira, 22 de abril<\/p>\n","protected":false},"author":13,"featured_media":52651,"comment_status":"closed","ping_status":"closed","sticky":false,"template":"","format":"standard","meta":{"footnotes":""},"categories":[5038,1,2839],"tags":[2844,6,6762],"class_list":["post-52650","post","type-post","status-publish","format-standard","has-post-thumbnail","hentry","category-emprego","category-noticias","category-saude","tag-concurso-publico","tag-saude","tag-vunesp"],"_links":{"self":[{"href":"https:\/\/tvtecjundiai.com.br\/news\/wp-json\/wp\/v2\/posts\/52650","targetHints":{"allow":["GET"]}}],"collection":[{"href":"https:\/\/tvtecjundiai.com.br\/news\/wp-json\/wp\/v2\/posts"}],"about":[{"href":"https:\/\/tvtecjundiai.com.br\/news\/wp-json\/wp\/v2\/types\/post"}],"author":[{"embeddable":true,"href":"https:\/\/tvtecjundiai.com.br\/news\/wp-json\/wp\/v2\/users\/13"}],"replies":[{"embeddable":true,"href":"https:\/\/tvtecjundiai.com.br\/news\/wp-json\/wp\/v2\/comments?post=52650"}],"version-history":[{"count":2,"href":"https:\/\/tvtecjundiai.com.br\/news\/wp-json\/wp\/v2\/posts\/52650\/revisions"}],"predecessor-version":[{"id":52653,"href":"https:\/\/tvtecjundiai.com.br\/news\/wp-json\/wp\/v2\/posts\/52650\/revisions\/52653"}],"wp:featuredmedia":[{"embeddable":true,"href":"https:\/\/tvtecjundiai.com.br\/news\/wp-json\/wp\/v2\/media\/52651"}],"wp:attachment":[{"href":"https:\/\/tvtecjundiai.com.br\/news\/wp-json\/wp\/v2\/media?parent=52650"}],"wp:term":[{"taxonomy":"category","embeddable":true,"href":"https:\/\/tvtecjundiai.com.br\/news\/wp-json\/wp\/v2\/categories?post=52650"},{"taxonomy":"post_tag","embeddable":true,"href":"https:\/\/tvtecjundiai.com.br\/news\/wp-json\/wp\/v2\/tags?post=52650"}],"curies":[{"name":"wp","href":"https:\/\/api.w.org\/{rel}","templated":true}]}}