{"id":52698,"date":"2020-04-22T14:30:07","date_gmt":"2020-04-22T17:30:07","guid":{"rendered":"https:\/\/tvtecjundiai.com.br\/news\/?p=52698"},"modified":"2020-04-22T14:55:55","modified_gmt":"2020-04-22T17:55:55","slug":"coronavirus-80-dos-consumidores-so-tem-comprado-o-essencial","status":"publish","type":"post","link":"https:\/\/tvtecjundiai.com.br\/news\/2020\/04\/22\/coronavirus-80-dos-consumidores-so-tem-comprado-o-essencial\/","title":{"rendered":"Coronav\u00edrus: 80% dos consumidores s\u00f3 t\u00eam comprado o essencial\u00a0"},"content":{"rendered":"<div id=\"attachment_52699\" style=\"width: 381px\" class=\"wp-caption alignright\"><img loading=\"lazy\" decoding=\"async\" aria-describedby=\"caption-attachment-52699\" class=\"wp-image-52699\" src=\"https:\/\/tvtecjundiai.com.br\/news\/wp-content\/uploads\/sites\/2\/2020\/04\/consumosalva-300x169.jpg\" alt=\"\" width=\"371\" height=\"209\" srcset=\"https:\/\/tvtecjundiai.com.br\/news\/wp-content\/uploads\/sites\/2\/2020\/04\/consumosalva-300x169.jpg 300w, https:\/\/tvtecjundiai.com.br\/news\/wp-content\/uploads\/sites\/2\/2020\/04\/consumosalva-768x432.jpg 768w, https:\/\/tvtecjundiai.com.br\/news\/wp-content\/uploads\/sites\/2\/2020\/04\/consumosalva-1200x675.jpg 1200w, https:\/\/tvtecjundiai.com.br\/news\/wp-content\/uploads\/sites\/2\/2020\/04\/consumosalva.jpg 1280w\" sizes=\"auto, (max-width: 371px) 100vw, 371px\" \/><p id=\"caption-attachment-52699\" class=\"wp-caption-text\">Conforme dados pr\u00e9vios de abril, o setor empresarial que est\u00e1 mais pessimista com a crise econ\u00f4mica \u00e9 a constru\u00e7\u00e3o civil<\/p><\/div>\n<p>80% dos consumidores s\u00f3 t\u00eam comprado o essencial apenas produtos essenciais em meio \u00e0 quarentena para conter o avan\u00e7o da covid-19, mostram recortes espec\u00edficos das pesquisas de confian\u00e7a na Funda\u00e7\u00e3o Get\u00falio Vargas( FGV).<\/p>\n<p>E, conforme dados pr\u00e9vios de abril, o setor empresarial que est\u00e1 mais pessimista com a crise econ\u00f4mica \u00e9 a constru\u00e7\u00e3o civil. Em mar\u00e7o, as pesquisas da FGV j\u00e1 haviam registrado fortes quedas na confian\u00e7a, de consumidores e de empres\u00e1rios, por causa da pandemia.<\/p>\n<p>Por isso, para as sondagens de abril, que ser\u00e3o divulgadas na pr\u00f3xima semana, foram elaboradas quest\u00f5es espec\u00edficas sobre a nova crise econ\u00f4mica. Com 85% das entrevistas j\u00e1 feitas, a FGV fez uma pr\u00e9via dos resultados.<\/p>\n<p>Entre os consumidores, 79,1% disseram que est\u00e3o comprando apenas o essencial. Na m\u00e9dia geral, apenas 15,4% do total de entrevistados responderam que, por enquanto, n\u00e3o foram afetados.<\/p>\n<p><em>(Fonte: UOL\/Foto: Divulga\u00e7\u00e3o)<\/em><\/p>\n","protected":false},"excerpt":{"rendered":"<p>Conforme dados pr\u00e9vios de abril, o setor empresarial mais pessimista com a crise \u00e9 a constru\u00e7\u00e3o civil<\/p>\n","protected":false},"author":18,"featured_media":52699,"comment_status":"closed","ping_status":"closed","sticky":false,"template":"","format":"standard","meta":{"footnotes":""},"categories":[2829,1],"tags":[2408,6242,6512,6766,983,6511,3280,6456],"class_list":["post-52698","post","type-post","status-publish","format-standard","has-post-thumbnail","hentry","category-economia","category-noticias","tag-consumo","tag-coronavirus","tag-covid-19","tag-essencial","tag-fgv","tag-pandemia","tag-pesquisas","tag-quarentena"],"_links":{"self":[{"href":"https:\/\/tvtecjundiai.com.br\/news\/wp-json\/wp\/v2\/posts\/52698","targetHints":{"allow":["GET"]}}],"collection":[{"href":"https:\/\/tvtecjundiai.com.br\/news\/wp-json\/wp\/v2\/posts"}],"about":[{"href":"https:\/\/tvtecjundiai.com.br\/news\/wp-json\/wp\/v2\/types\/post"}],"author":[{"embeddable":true,"href":"https:\/\/tvtecjundiai.com.br\/news\/wp-json\/wp\/v2\/users\/18"}],"replies":[{"embeddable":true,"href":"https:\/\/tvtecjundiai.com.br\/news\/wp-json\/wp\/v2\/comments?post=52698"}],"version-history":[{"count":3,"href":"https:\/\/tvtecjundiai.com.br\/news\/wp-json\/wp\/v2\/posts\/52698\/revisions"}],"predecessor-version":[{"id":52713,"href":"https:\/\/tvtecjundiai.com.br\/news\/wp-json\/wp\/v2\/posts\/52698\/revisions\/52713"}],"wp:featuredmedia":[{"embeddable":true,"href":"https:\/\/tvtecjundiai.com.br\/news\/wp-json\/wp\/v2\/media\/52699"}],"wp:attachment":[{"href":"https:\/\/tvtecjundiai.com.br\/news\/wp-json\/wp\/v2\/media?parent=52698"}],"wp:term":[{"taxonomy":"category","embeddable":true,"href":"https:\/\/tvtecjundiai.com.br\/news\/wp-json\/wp\/v2\/categories?post=52698"},{"taxonomy":"post_tag","embeddable":true,"href":"https:\/\/tvtecjundiai.com.br\/news\/wp-json\/wp\/v2\/tags?post=52698"}],"curies":[{"name":"wp","href":"https:\/\/api.w.org\/{rel}","templated":true}]}}