{"id":52714,"date":"2020-04-22T15:02:18","date_gmt":"2020-04-22T18:02:18","guid":{"rendered":"https:\/\/tvtecjundiai.com.br\/news\/?p=52714"},"modified":"2020-04-22T15:14:40","modified_gmt":"2020-04-22T18:14:40","slug":"nova-remessa-de-mascaras-doadas-e-distribuida-nos-terminais-de-onibus","status":"publish","type":"post","link":"https:\/\/tvtecjundiai.com.br\/news\/2020\/04\/22\/nova-remessa-de-mascaras-doadas-e-distribuida-nos-terminais-de-onibus\/","title":{"rendered":"Nova remessa de m\u00e1scaras doadas \u00e9 distribu\u00edda nos terminais de \u00f4nibus"},"content":{"rendered":"<p>Uma nova remessa de cerca de 8,5 mil m\u00e1scaras de prote\u00e7\u00e3o contra o coronav\u00edrus foi distribu\u00edda nesta quarta (22) nos sete terminais de \u00f4nibus urbanos de Jundia\u00ed, entre 8h e 11h. A primeira entrega, na segunda-feira (20), distribuiu cerca de 7 mil m\u00e1scaras entre 6h e 8h em todos os terminais, totalizando mais de 15 mil m\u00e1scaras j\u00e1 entregues.<\/p>\n<div id=\"attachment_52715\" style=\"width: 465px\" class=\"wp-caption alignright\"><a href=\"https:\/\/tvtecjundiai.com.br\/news\/wp-content\/uploads\/sites\/2\/2020\/04\/distribuicao-de-mascaras-nos-terminais_c_-42-1280x853.jpg\"><img loading=\"lazy\" decoding=\"async\" aria-describedby=\"caption-attachment-52715\" class=\"wp-image-52715\" src=\"https:\/\/tvtecjundiai.com.br\/news\/wp-content\/uploads\/sites\/2\/2020\/04\/distribuicao-de-mascaras-nos-terminais_c_-42-1280x853-300x200.jpg\" alt=\"\" width=\"455\" height=\"303\" srcset=\"https:\/\/tvtecjundiai.com.br\/news\/wp-content\/uploads\/sites\/2\/2020\/04\/distribuicao-de-mascaras-nos-terminais_c_-42-1280x853-300x200.jpg 300w, https:\/\/tvtecjundiai.com.br\/news\/wp-content\/uploads\/sites\/2\/2020\/04\/distribuicao-de-mascaras-nos-terminais_c_-42-1280x853-768x512.jpg 768w, https:\/\/tvtecjundiai.com.br\/news\/wp-content\/uploads\/sites\/2\/2020\/04\/distribuicao-de-mascaras-nos-terminais_c_-42-1280x853-1200x800.jpg 1200w, https:\/\/tvtecjundiai.com.br\/news\/wp-content\/uploads\/sites\/2\/2020\/04\/distribuicao-de-mascaras-nos-terminais_c_-42-1280x853.jpg 1280w\" sizes=\"auto, (max-width: 455px) 100vw, 455px\" \/><\/a><p id=\"caption-attachment-52715\" class=\"wp-caption-text\">A pr\u00f3xima distribui\u00e7\u00e3o de m\u00e1scaras nos terminais de \u00f4nibus est\u00e1 prevista para ocorrer no final da tarde desta quinta (23).<\/p><\/div>\n<p>A a\u00e7\u00e3o, que ir\u00e1 distribuir, no total, 20 mil unidades, est\u00e1 sendo realizada pela Prefeitura de Jundia\u00ed, com m\u00e1scaras recebidas em doa\u00e7\u00e3o de grupos de amigos solid\u00e1rios conhecidos como \u2018Turma dos Amigos da Festa do Guma\u2019 e \u2018Turma dos Amigos da Festa Sertaneja\u2019 \u2013 eventos realizados em c\u00edrculos sociais de Jundia\u00ed h\u00e1 mais de uma d\u00e9cada, que tem o objetivo de arrecadar fundos para a\u00e7\u00f5es sociais.<\/p>\n<p>Segundo o gestor de Mobilidade e Transporte (UGMT), Silvestre Ribeiro, a distribui\u00e7\u00e3o em hor\u00e1rio diferente teve como objetivo atingir outra faixa de p\u00fablico.\u00a0Assim como as demais doa\u00e7\u00f5es de Equipamentos de Prote\u00e7\u00e3o Individual (EPIs) feitas em prol do combate ao coronav\u00edrus, a Rede Jundia\u00ed de Coopera\u00e7\u00e3o \u2013 \u00f3rg\u00e3o ligado \u00e0 Unidade de Gest\u00e3o de Governo e Finan\u00e7as (UGGF) \u2013 \u00e9 uma das portas de entrada para a ajuda da sociedade.<\/p>\n<p>As m\u00e1scaras foram distribu\u00eddas pelas equipes das Unidades de Gest\u00e3o de Promo\u00e7\u00e3o da Sa\u00fade (UGPS) e UGMT nos sete terminais urbanos. A pr\u00f3xima distribui\u00e7\u00e3o de m\u00e1scaras nos terminais de \u00f4nibus est\u00e1 prevista para ocorrer no final da tarde desta quinta (23).<\/p>\n<p><em>(Fonte\/Foto: Prefeitura de Jundia\u00ed)<\/em><\/p>\n","protected":false},"excerpt":{"rendered":"<p>A pr\u00f3xima distribui\u00e7\u00e3o est\u00e1 prevista para ocorrer no final da tarde desta quinta (23) <\/p>\n","protected":false},"author":13,"featured_media":52715,"comment_status":"closed","ping_status":"closed","sticky":false,"template":"","format":"standard","meta":{"footnotes":""},"categories":[2834,29,1,2839],"tags":[6769,5,6342,6117],"class_list":["post-52714","post","type-post","status-publish","format-standard","has-post-thumbnail","hentry","category-cidades","category-destaque","category-noticias","category-saude","tag-distribuicao-de-mascaras","tag-jundiai","tag-novo-coronavirus","tag-terminas-de-onibus"],"_links":{"self":[{"href":"https:\/\/tvtecjundiai.com.br\/news\/wp-json\/wp\/v2\/posts\/52714","targetHints":{"allow":["GET"]}}],"collection":[{"href":"https:\/\/tvtecjundiai.com.br\/news\/wp-json\/wp\/v2\/posts"}],"about":[{"href":"https:\/\/tvtecjundiai.com.br\/news\/wp-json\/wp\/v2\/types\/post"}],"author":[{"embeddable":true,"href":"https:\/\/tvtecjundiai.com.br\/news\/wp-json\/wp\/v2\/users\/13"}],"replies":[{"embeddable":true,"href":"https:\/\/tvtecjundiai.com.br\/news\/wp-json\/wp\/v2\/comments?post=52714"}],"version-history":[{"count":2,"href":"https:\/\/tvtecjundiai.com.br\/news\/wp-json\/wp\/v2\/posts\/52714\/revisions"}],"predecessor-version":[{"id":52719,"href":"https:\/\/tvtecjundiai.com.br\/news\/wp-json\/wp\/v2\/posts\/52714\/revisions\/52719"}],"wp:featuredmedia":[{"embeddable":true,"href":"https:\/\/tvtecjundiai.com.br\/news\/wp-json\/wp\/v2\/media\/52715"}],"wp:attachment":[{"href":"https:\/\/tvtecjundiai.com.br\/news\/wp-json\/wp\/v2\/media?parent=52714"}],"wp:term":[{"taxonomy":"category","embeddable":true,"href":"https:\/\/tvtecjundiai.com.br\/news\/wp-json\/wp\/v2\/categories?post=52714"},{"taxonomy":"post_tag","embeddable":true,"href":"https:\/\/tvtecjundiai.com.br\/news\/wp-json\/wp\/v2\/tags?post=52714"}],"curies":[{"name":"wp","href":"https:\/\/api.w.org\/{rel}","templated":true}]}}