{"id":52732,"date":"2020-04-22T16:11:59","date_gmt":"2020-04-22T19:11:59","guid":{"rendered":"https:\/\/tvtecjundiai.com.br\/news\/?p=52732"},"modified":"2020-04-22T16:12:18","modified_gmt":"2020-04-22T19:12:18","slug":"brasil-se-aproxima-da-marca-de-23-mil-recuperados-da-covid-19","status":"publish","type":"post","link":"https:\/\/tvtecjundiai.com.br\/news\/2020\/04\/22\/brasil-se-aproxima-da-marca-de-23-mil-recuperados-da-covid-19\/","title":{"rendered":"Brasil se aproxima da marca de 23 mil recuperados da Covid-19"},"content":{"rendered":"<div id=\"attachment_52733\" style=\"width: 394px\" class=\"wp-caption alignright\"><a href=\"https:\/\/tvtecjundiai.com.br\/news\/wp-content\/uploads\/sites\/2\/2020\/04\/Sem-t\u00edtulo-2.png\"><img loading=\"lazy\" decoding=\"async\" aria-describedby=\"caption-attachment-52733\" class=\"wp-image-52733\" src=\"https:\/\/tvtecjundiai.com.br\/news\/wp-content\/uploads\/sites\/2\/2020\/04\/Sem-t\u00edtulo-2-300x201.png\" alt=\"\" width=\"384\" height=\"257\" srcset=\"https:\/\/tvtecjundiai.com.br\/news\/wp-content\/uploads\/sites\/2\/2020\/04\/Sem-t\u00edtulo-2-300x201.png 300w, https:\/\/tvtecjundiai.com.br\/news\/wp-content\/uploads\/sites\/2\/2020\/04\/Sem-t\u00edtulo-2-768x513.png 768w, https:\/\/tvtecjundiai.com.br\/news\/wp-content\/uploads\/sites\/2\/2020\/04\/Sem-t\u00edtulo-2.png 893w\" sizes=\"auto, (max-width: 384px) 100vw, 384px\" \/><\/a><p id=\"caption-attachment-52733\" class=\"wp-caption-text\">O \u00edndice de letalidade encontra-se em 6,3%<\/p><\/div>\n<p>O Brasil registrou, at\u00e9 segunda-feira (20), 22.991 pessoas recuperadas pelo\u00a0coronav\u00edrus. A informa\u00e7\u00e3o \u00e9 do Minist\u00e9rio da Sa\u00fade, que n\u00e3o divulgou detalhes da recupera\u00e7\u00e3o por estado. A taxa nacional de recupera\u00e7\u00e3o da doen\u00e7a encontra-se em 56,7%, representando uma pequena melhora em rela\u00e7\u00e3o aos 55% registrados em 14 de abril. O n\u00famero considera o paciente que teve a confirma\u00e7\u00e3o da doen\u00e7a e recebeu alta hospitalar e tamb\u00e9m os confirmados sem interna\u00e7\u00e3o, mas que deixaram de apresentar sintomas depois de ficar em casa.<\/p>\n<div class=\"clearfix text-center advert\">\n<div class=\"banner-container banner-300x250-2-area\">\n<div id=\"banner-300x250-2-area\" data-google-query-id=\"CNrU3YDc_OgCFQIC1AodFFgFsw\">\n<p>Enquanto a taxa de recupera\u00e7\u00e3o se mant\u00e9m acima da metade dos casos, o \u00edndice de letalidade encontra-se em 6,3% dos casos confirmados.\u00a0As hospitaliza\u00e7\u00f5es por covid-19 chegaram a 8.318. O total de pessoas internadas por S\u00edndrome Respirat\u00f3ria Aguda Grave (SRAG) em investiga\u00e7\u00e3o totalizam 42.817. Al\u00e9m disso, outras 15.752 pessoas foram denominadas SRAG \u201cn\u00e3o especificado\u201d.<\/p>\n<p>O ministro da Sa\u00fade, Nelson Teich, anunciou ainda na segunda o aumento para 46 milh\u00f5es de testes que ser\u00e3o comprados pela pasta.\u201cIsso \u00e9 importante para entender a doen\u00e7a, a evolu\u00e7\u00e3o e fazer um planejamento para revis\u00e3o do distanciamento social\u201d, disse Teich, em v\u00eddeo divulgado pela assessoria do\u00a0Minist\u00e9rio da Sa\u00fade.<\/p>\n<div class=\"clearfix text-center advert\">\n<div class=\"banner-container banner-300x250-3-area\">\n<div id=\"banner-300x250-3-area\" data-google-query-id=\"CLz2453c_OgCFeMFuQYddPcHIg\"><em>(Fonte: Jovem Pan\/Foto: EFE\/EPA\/YAHYA ARHAB)<\/em><\/div>\n<\/div>\n<\/div>\n<\/div>\n<\/div>\n<\/div>\n","protected":false},"excerpt":{"rendered":"<p>O \u00edndice de letalidade encontra-se em 6,3%<\/p>\n","protected":false},"author":13,"featured_media":52733,"comment_status":"closed","ping_status":"closed","sticky":false,"template":"","format":"standard","meta":{"footnotes":""},"categories":[1,2839],"tags":[1903,6342,6771],"class_list":["post-52732","post","type-post","status-publish","format-standard","has-post-thumbnail","hentry","category-noticias","category-saude","tag-brasil","tag-novo-coronavirus","tag-recuperados"],"_links":{"self":[{"href":"https:\/\/tvtecjundiai.com.br\/news\/wp-json\/wp\/v2\/posts\/52732","targetHints":{"allow":["GET"]}}],"collection":[{"href":"https:\/\/tvtecjundiai.com.br\/news\/wp-json\/wp\/v2\/posts"}],"about":[{"href":"https:\/\/tvtecjundiai.com.br\/news\/wp-json\/wp\/v2\/types\/post"}],"author":[{"embeddable":true,"href":"https:\/\/tvtecjundiai.com.br\/news\/wp-json\/wp\/v2\/users\/13"}],"replies":[{"embeddable":true,"href":"https:\/\/tvtecjundiai.com.br\/news\/wp-json\/wp\/v2\/comments?post=52732"}],"version-history":[{"count":2,"href":"https:\/\/tvtecjundiai.com.br\/news\/wp-json\/wp\/v2\/posts\/52732\/revisions"}],"predecessor-version":[{"id":52738,"href":"https:\/\/tvtecjundiai.com.br\/news\/wp-json\/wp\/v2\/posts\/52732\/revisions\/52738"}],"wp:featuredmedia":[{"embeddable":true,"href":"https:\/\/tvtecjundiai.com.br\/news\/wp-json\/wp\/v2\/media\/52733"}],"wp:attachment":[{"href":"https:\/\/tvtecjundiai.com.br\/news\/wp-json\/wp\/v2\/media?parent=52732"}],"wp:term":[{"taxonomy":"category","embeddable":true,"href":"https:\/\/tvtecjundiai.com.br\/news\/wp-json\/wp\/v2\/categories?post=52732"},{"taxonomy":"post_tag","embeddable":true,"href":"https:\/\/tvtecjundiai.com.br\/news\/wp-json\/wp\/v2\/tags?post=52732"}],"curies":[{"name":"wp","href":"https:\/\/api.w.org\/{rel}","templated":true}]}}