{"id":52775,"date":"2020-04-23T09:47:42","date_gmt":"2020-04-23T12:47:42","guid":{"rendered":"https:\/\/tvtecjundiai.com.br\/news\/?p=52775"},"modified":"2020-04-23T11:19:35","modified_gmt":"2020-04-23T14:19:35","slug":"forca-tarefa-economica-valida-o-programa-jundiai-empreendedora","status":"publish","type":"post","link":"https:\/\/tvtecjundiai.com.br\/news\/2020\/04\/23\/forca-tarefa-economica-valida-o-programa-jundiai-empreendedora\/","title":{"rendered":"For\u00e7a-Tarefa econ\u00f4mica valida o programa Jundia\u00ed Empreendedora"},"content":{"rendered":"<p>Uma reuni\u00e3o online realizada na tarde desta quarta-feira (22), com integrantes da For\u00e7a-Tarefa institu\u00edda para enfrentamento dos impactos econ\u00f4micos gerados pela pandemia de Coronav\u00edrus, discutiu linhas de a\u00e7\u00e3o para recupera\u00e7\u00e3o da economia da cidade para os pr\u00f3ximos meses.<\/p>\n<div id=\"attachment_52776\" style=\"width: 510px\" class=\"wp-caption alignright\"><a href=\"https:\/\/tvtecjundiai.com.br\/news\/wp-content\/uploads\/sites\/2\/2020\/04\/2-12.jpg\"><img loading=\"lazy\" decoding=\"async\" aria-describedby=\"caption-attachment-52776\" class=\"wp-image-52776\" src=\"https:\/\/tvtecjundiai.com.br\/news\/wp-content\/uploads\/sites\/2\/2020\/04\/2-12-300x200.jpg\" alt=\"\" width=\"500\" height=\"333\" srcset=\"https:\/\/tvtecjundiai.com.br\/news\/wp-content\/uploads\/sites\/2\/2020\/04\/2-12-300x200.jpg 300w, https:\/\/tvtecjundiai.com.br\/news\/wp-content\/uploads\/sites\/2\/2020\/04\/2-12-768x512.jpg 768w, https:\/\/tvtecjundiai.com.br\/news\/wp-content\/uploads\/sites\/2\/2020\/04\/2-12-1200x800.jpg 1200w, https:\/\/tvtecjundiai.com.br\/news\/wp-content\/uploads\/sites\/2\/2020\/04\/2-12.jpg 1280w\" sizes=\"auto, (max-width: 500px) 100vw, 500px\" \/><\/a><p id=\"caption-attachment-52776\" class=\"wp-caption-text\">Recupera\u00e7\u00e3o econ\u00f4mica da cidade \u00e9 tema de reuni\u00f5es esta semana; an\u00fancio de plano ser\u00e1 feito no s\u00e1bado<\/p><\/div>\n<p>O encontro, que contou com a participa\u00e7\u00e3o do prefeito Luiz Fernando Machado, do presidente do CIESP, Marcelo Cereser, e do gerente regional do escrit\u00f3rio do Sebrae, Thiago Farias, al\u00e9m de representantes da C\u00e2mara Municipal e de entidades empresariais de comerciantes, contadores e sindicalistas, foi aberto pelo gestor de Governo e Finan\u00e7as, Jos\u00e9 Antonio Parimoschi, que apresentou um panorama da pandemia no mundo, no Brasil e em Jundia\u00ed e seus reflexos na economia municipal e o que ser\u00e1 feito para preservar as empresas, o emprego e a renda na cidade.<\/p>\n<p>O gestor de Governo e Finan\u00e7as validou as premissas do programa Jundia\u00ed Empreendedora com todos os participantes da For\u00e7a-Tarefa, que ser\u00e1 apresentado no s\u00e1bado (25), \u00e0s 9h, em live (transmiss\u00e3o ao vivo).<\/p>\n<p>A previs\u00e3o de retra\u00e7\u00e3o na economia brasileira em 2020 est\u00e1 estimada em torno de 5,0% , segundo proje\u00e7\u00f5es do FMI e do Banco Mundial. O baque, portanto, ser\u00e1 pesado, e h\u00e1 necessidade\u00a0 de um planejamento para atravessar este per\u00edodo de recess\u00e3o, destacou o gestor.\u00a0A For\u00e7a-Tarefa foi institu\u00edda pelo prefeito Luiz Fernando Machado no \u00faltimo dia 1\u00ba, por decreto, para enfrentamento dos impactos econ\u00f4micos gerados pela pandemia de coronav\u00edrus, com a finalidade de elaborar um Plano de A\u00e7\u00e3o na \u00e1rea econ\u00f4mica.<\/p>\n<p><em>(Fonte\/Foto: Prefeitura de Jundia\u00ed)<\/em><\/p>\n","protected":false},"excerpt":{"rendered":"<p>Recupera\u00e7\u00e3o econ\u00f4mica da cidade \u00e9 tema de reuni\u00f5es esta semana <\/p>\n","protected":false},"author":13,"featured_media":52776,"comment_status":"closed","ping_status":"closed","sticky":false,"template":"","format":"standard","meta":{"footnotes":""},"categories":[2834,29,2829,1],"tags":[5],"class_list":["post-52775","post","type-post","status-publish","format-standard","has-post-thumbnail","hentry","category-cidades","category-destaque","category-economia","category-noticias","tag-jundiai"],"_links":{"self":[{"href":"https:\/\/tvtecjundiai.com.br\/news\/wp-json\/wp\/v2\/posts\/52775","targetHints":{"allow":["GET"]}}],"collection":[{"href":"https:\/\/tvtecjundiai.com.br\/news\/wp-json\/wp\/v2\/posts"}],"about":[{"href":"https:\/\/tvtecjundiai.com.br\/news\/wp-json\/wp\/v2\/types\/post"}],"author":[{"embeddable":true,"href":"https:\/\/tvtecjundiai.com.br\/news\/wp-json\/wp\/v2\/users\/13"}],"replies":[{"embeddable":true,"href":"https:\/\/tvtecjundiai.com.br\/news\/wp-json\/wp\/v2\/comments?post=52775"}],"version-history":[{"count":2,"href":"https:\/\/tvtecjundiai.com.br\/news\/wp-json\/wp\/v2\/posts\/52775\/revisions"}],"predecessor-version":[{"id":52802,"href":"https:\/\/tvtecjundiai.com.br\/news\/wp-json\/wp\/v2\/posts\/52775\/revisions\/52802"}],"wp:featuredmedia":[{"embeddable":true,"href":"https:\/\/tvtecjundiai.com.br\/news\/wp-json\/wp\/v2\/media\/52776"}],"wp:attachment":[{"href":"https:\/\/tvtecjundiai.com.br\/news\/wp-json\/wp\/v2\/media?parent=52775"}],"wp:term":[{"taxonomy":"category","embeddable":true,"href":"https:\/\/tvtecjundiai.com.br\/news\/wp-json\/wp\/v2\/categories?post=52775"},{"taxonomy":"post_tag","embeddable":true,"href":"https:\/\/tvtecjundiai.com.br\/news\/wp-json\/wp\/v2\/tags?post=52775"}],"curies":[{"name":"wp","href":"https:\/\/api.w.org\/{rel}","templated":true}]}}