{"id":52789,"date":"2020-04-23T10:47:45","date_gmt":"2020-04-23T13:47:45","guid":{"rendered":"https:\/\/tvtecjundiai.com.br\/news\/?p=52789"},"modified":"2020-04-23T10:49:07","modified_gmt":"2020-04-23T13:49:07","slug":"pinacoteca-de-jundiai-abre-inscricoes-online-para-exposicoes","status":"publish","type":"post","link":"https:\/\/tvtecjundiai.com.br\/news\/2020\/04\/23\/pinacoteca-de-jundiai-abre-inscricoes-online-para-exposicoes\/","title":{"rendered":"Pinacoteca de Jundia\u00ed abre inscri\u00e7\u00f5es online para exposi\u00e7\u00f5es"},"content":{"rendered":"<div id=\"attachment_52790\" style=\"width: 430px\" class=\"wp-caption alignright\"><a href=\"https:\/\/tvtecjundiai.com.br\/news\/wp-content\/uploads\/sites\/2\/2020\/04\/6-2.jpg\"><img loading=\"lazy\" decoding=\"async\" aria-describedby=\"caption-attachment-52790\" class=\"wp-image-52790\" src=\"https:\/\/tvtecjundiai.com.br\/news\/wp-content\/uploads\/sites\/2\/2020\/04\/6-2-300x188.jpg\" alt=\"\" width=\"420\" height=\"263\" srcset=\"https:\/\/tvtecjundiai.com.br\/news\/wp-content\/uploads\/sites\/2\/2020\/04\/6-2-300x188.jpg 300w, https:\/\/tvtecjundiai.com.br\/news\/wp-content\/uploads\/sites\/2\/2020\/04\/6-2-768x482.jpg 768w, https:\/\/tvtecjundiai.com.br\/news\/wp-content\/uploads\/sites\/2\/2020\/04\/6-2-1200x753.jpg 1200w, https:\/\/tvtecjundiai.com.br\/news\/wp-content\/uploads\/sites\/2\/2020\/04\/6-2.jpg 1280w\" sizes=\"auto, (max-width: 420px) 100vw, 420px\" \/><\/a><p id=\"caption-attachment-52790\" class=\"wp-caption-text\">Ser\u00e3o selecionados dez projetos para exposi\u00e7\u00f5es individuais, coletivas ou curadorias<\/p><\/div>\n<p>Est\u00e3o abertas pela internet at\u00e9 o dia 03 de junho as inscri\u00e7\u00f5es para a 3\u00aa ExpoArtes, edital de sele\u00e7\u00e3o de trabalhos para exposi\u00e7\u00e3o na Pinacoteca Municipal Di\u00f3genes Duarte Paes na temporada 2020. Pelas <a href=\"https:\/\/cultura.jundiai.sp.gov.br\/expoartes\/\" target=\"_blank\" rel=\"noopener noreferrer\">inscri\u00e7\u00f5es via formul\u00e1rio online<\/a>, os interessados dever\u00e3o anexar os documentos e projetos solicitados para avalia\u00e7\u00e3o.<\/p>\n<p>Ser\u00e3o selecionados dez projetos de tem\u00e1tica livre, in\u00e9ditos no Munic\u00edpio, para exposi\u00e7\u00e3o individual, coletiva ou curadorias, entre julho e dezembro deste ano. Cada proponente pode inscrever apenas um projeto. A sele\u00e7\u00e3o levar\u00e1 como crit\u00e9rios a relev\u00e2ncia do projeto na programa\u00e7\u00e3o cultural do munic\u00edpio e no desenvolvimento da linguagem art\u00edstica, viabilidade e criatividade.<\/p>\n<p>Os dez projetos com as maiores pontua\u00e7\u00f5es dever\u00e3o ser expostos aos pares, em datas a ser definidas ap\u00f3s a divulga\u00e7\u00e3o dos resultados. Cada projeto contemplado receber\u00e1 como premia\u00e7\u00e3o o valor de R$ 1 mil e ter\u00e1 37 dias de per\u00edodo expositivo, incluindo os dias de montagem, desmontagem e manuten\u00e7\u00e3o. Os selecionados dever\u00e3o tamb\u00e9m realizar, como contrapartida social, atividades como palestras, debates ou oficinas em benef\u00edcio social.<\/p>\n<p><em>(Fonte\/Foto: Prefeitura de Jundia\u00ed)<\/em><\/p>\n<p>&nbsp;<\/p>\n","protected":false},"excerpt":{"rendered":"<p>Ser\u00e3o selecionados 10 projetos para exposi\u00e7\u00f5es<\/p>\n","protected":false},"author":13,"featured_media":52790,"comment_status":"closed","ping_status":"closed","sticky":false,"template":"","format":"standard","meta":{"footnotes":""},"categories":[2834,2833,29,1],"tags":[6780,6779,5639],"class_list":["post-52789","post","type-post","status-publish","format-standard","has-post-thumbnail","hentry","category-cidades","category-cultura","category-destaque","category-noticias","tag-3a-expoartes","tag-inscricoes-online","tag-pinacoteca-de-jundiai"],"_links":{"self":[{"href":"https:\/\/tvtecjundiai.com.br\/news\/wp-json\/wp\/v2\/posts\/52789","targetHints":{"allow":["GET"]}}],"collection":[{"href":"https:\/\/tvtecjundiai.com.br\/news\/wp-json\/wp\/v2\/posts"}],"about":[{"href":"https:\/\/tvtecjundiai.com.br\/news\/wp-json\/wp\/v2\/types\/post"}],"author":[{"embeddable":true,"href":"https:\/\/tvtecjundiai.com.br\/news\/wp-json\/wp\/v2\/users\/13"}],"replies":[{"embeddable":true,"href":"https:\/\/tvtecjundiai.com.br\/news\/wp-json\/wp\/v2\/comments?post=52789"}],"version-history":[{"count":2,"href":"https:\/\/tvtecjundiai.com.br\/news\/wp-json\/wp\/v2\/posts\/52789\/revisions"}],"predecessor-version":[{"id":52793,"href":"https:\/\/tvtecjundiai.com.br\/news\/wp-json\/wp\/v2\/posts\/52789\/revisions\/52793"}],"wp:featuredmedia":[{"embeddable":true,"href":"https:\/\/tvtecjundiai.com.br\/news\/wp-json\/wp\/v2\/media\/52790"}],"wp:attachment":[{"href":"https:\/\/tvtecjundiai.com.br\/news\/wp-json\/wp\/v2\/media?parent=52789"}],"wp:term":[{"taxonomy":"category","embeddable":true,"href":"https:\/\/tvtecjundiai.com.br\/news\/wp-json\/wp\/v2\/categories?post=52789"},{"taxonomy":"post_tag","embeddable":true,"href":"https:\/\/tvtecjundiai.com.br\/news\/wp-json\/wp\/v2\/tags?post=52789"}],"curies":[{"name":"wp","href":"https:\/\/api.w.org\/{rel}","templated":true}]}}