{"id":52809,"date":"2020-04-23T12:03:30","date_gmt":"2020-04-23T15:03:30","guid":{"rendered":"https:\/\/tvtecjundiai.com.br\/news\/?p=52809"},"modified":"2020-04-23T12:03:30","modified_gmt":"2020-04-23T15:03:30","slug":"filha-se-enrola-em-lencol-para-poder-abracar-a-mae","status":"publish","type":"post","link":"https:\/\/tvtecjundiai.com.br\/news\/2020\/04\/23\/filha-se-enrola-em-lencol-para-poder-abracar-a-mae\/","title":{"rendered":"Filha se enrola em len\u00e7ol para poder abra\u00e7ar a m\u00e3e"},"content":{"rendered":"<div id=\"attachment_52810\" style=\"width: 343px\" class=\"wp-caption alignright\"><a href=\"https:\/\/tvtecjundiai.com.br\/news\/wp-content\/uploads\/sites\/2\/2020\/04\/Abra\u00e7o-Len\u00e7ol-3-e1587598650988.jpeg\"><img loading=\"lazy\" decoding=\"async\" aria-describedby=\"caption-attachment-52810\" class=\"wp-image-52810\" src=\"https:\/\/tvtecjundiai.com.br\/news\/wp-content\/uploads\/sites\/2\/2020\/04\/Abra\u00e7o-Len\u00e7ol-3-e1587598650988-300x400.jpeg\" alt=\"\" width=\"333\" height=\"444\" srcset=\"https:\/\/tvtecjundiai.com.br\/news\/wp-content\/uploads\/sites\/2\/2020\/04\/Abra\u00e7o-Len\u00e7ol-3-e1587598650988-300x400.jpeg 300w, https:\/\/tvtecjundiai.com.br\/news\/wp-content\/uploads\/sites\/2\/2020\/04\/Abra\u00e7o-Len\u00e7ol-3-e1587598650988.jpeg 433w\" sizes=\"auto, (max-width: 333px) 100vw, 333px\" \/><\/a><p id=\"caption-attachment-52810\" class=\"wp-caption-text\">Elas estavam isoladas da m\u00e3e porque o pai tem 63 anos e j\u00e1 teve AVC<\/p><\/div>\n<p>Em tempos de isolamento social como medida preventiva em combate ao propaga\u00e7\u00e3o da Covid-19, a saudade de dar um abra\u00e7o caloroso tem afetado muita gente, e a Mariana encontrou uma solu\u00e7\u00e3o para amenizar um pouquinho da saudade.<\/p>\n<p>A jovem se enrolou toda num len\u00e7ol limpinho, colocou m\u00e1scara e enfim matou a vontade que a m\u00e3e tava de dar um abra\u00e7o na filha. \u201cM<span class=\"\">inha m\u00e3e me disse: \u2018Filha, quero tanto um abra\u00e7o seu, mas tanto. Preciso!\u2019 E a gente deu nosso jeito\u2026. as duas de m\u00e1scara, eu me enrolei toda num len\u00e7ol limpinho e ali ficamos\u2026 ahhhh, abra\u00e7o de m\u00e3e cura\u201d, disse Mariana.<\/span><\/p>\n<p>A fam\u00edlia \u00e9 de S\u00e3o Paulo. Mariana D\u2019\u00c1vila \u00e9 nutricionista e tem duas irm\u00e3s m\u00e9dicas que est\u00e3o bem na linha de frente do tratamento de pacientes com Covid-19. Elas estavam isoladas da m\u00e3e porque o pai tem 63 anos e j\u00e1 teve AVC.<\/p>\n<p>S\u00f3 que a m\u00e3e das meninas, dona S\u00f4nia, n\u00e3o estava mais suportando a dist\u00e2ncia. Depois do ato de Mari, as irm\u00e3s tamb\u00e9m n\u00e3o aguentaram e fizeram do mesmo jeitinho o abra\u00e7o do len\u00e7ol.<\/p>\n<p><em>(Fonte: Raz\u00f5es Para Acreditar\/Foto: Arquivo Pessoal)<\/em><\/p>\n<p>&nbsp;<\/p>\n","protected":false},"excerpt":{"rendered":"<p>Elas estavam isoladas da m\u00e3e porque o pai tem 63 anos e j\u00e1 teve AVC <\/p>\n","protected":false},"author":13,"featured_media":52811,"comment_status":"closed","ping_status":"closed","sticky":false,"template":"","format":"standard","meta":{"footnotes":""},"categories":[1],"tags":[6512,6507],"class_list":["post-52809","post","type-post","status-publish","format-standard","has-post-thumbnail","hentry","category-noticias","tag-covid-19","tag-isolamento-social"],"_links":{"self":[{"href":"https:\/\/tvtecjundiai.com.br\/news\/wp-json\/wp\/v2\/posts\/52809","targetHints":{"allow":["GET"]}}],"collection":[{"href":"https:\/\/tvtecjundiai.com.br\/news\/wp-json\/wp\/v2\/posts"}],"about":[{"href":"https:\/\/tvtecjundiai.com.br\/news\/wp-json\/wp\/v2\/types\/post"}],"author":[{"embeddable":true,"href":"https:\/\/tvtecjundiai.com.br\/news\/wp-json\/wp\/v2\/users\/13"}],"replies":[{"embeddable":true,"href":"https:\/\/tvtecjundiai.com.br\/news\/wp-json\/wp\/v2\/comments?post=52809"}],"version-history":[{"count":1,"href":"https:\/\/tvtecjundiai.com.br\/news\/wp-json\/wp\/v2\/posts\/52809\/revisions"}],"predecessor-version":[{"id":52812,"href":"https:\/\/tvtecjundiai.com.br\/news\/wp-json\/wp\/v2\/posts\/52809\/revisions\/52812"}],"wp:featuredmedia":[{"embeddable":true,"href":"https:\/\/tvtecjundiai.com.br\/news\/wp-json\/wp\/v2\/media\/52811"}],"wp:attachment":[{"href":"https:\/\/tvtecjundiai.com.br\/news\/wp-json\/wp\/v2\/media?parent=52809"}],"wp:term":[{"taxonomy":"category","embeddable":true,"href":"https:\/\/tvtecjundiai.com.br\/news\/wp-json\/wp\/v2\/categories?post=52809"},{"taxonomy":"post_tag","embeddable":true,"href":"https:\/\/tvtecjundiai.com.br\/news\/wp-json\/wp\/v2\/tags?post=52809"}],"curies":[{"name":"wp","href":"https:\/\/api.w.org\/{rel}","templated":true}]}}