{"id":52826,"date":"2020-04-23T13:18:57","date_gmt":"2020-04-23T16:18:57","guid":{"rendered":"https:\/\/tvtecjundiai.com.br\/news\/?p=52826"},"modified":"2020-04-23T13:18:57","modified_gmt":"2020-04-23T16:18:57","slug":"serra-do-japi-tem-movimentacao-intensa-durante-a-pandemia","status":"publish","type":"post","link":"https:\/\/tvtecjundiai.com.br\/news\/2020\/04\/23\/serra-do-japi-tem-movimentacao-intensa-durante-a-pandemia\/","title":{"rendered":"Serra do Japi tem movimenta\u00e7\u00e3o intensa durante a pandemia"},"content":{"rendered":"<p><span style=\"font-weight: 400;\">O <\/span><b>Boletim TVTEC <\/b><span style=\"font-weight: 400;\">ao vivo, em sua primeira edi\u00e7\u00e3o, desta quinta-feira (23), transmitida \u00e0s 11h30, pelas redes sociais e pelo canal 24 na NET, mostrou os dados do Novo Coronav\u00edrus em Jundia\u00ed e os n\u00fameros da pandemia no Brasil e no mundo. Confira o <\/span><a href=\"https:\/\/jundiai.sp.gov.br\/coronavirus\/\"><span style=\"font-weight: 400;\"><strong>Informe Epidemiol\u00f3gico<\/strong><\/span><\/a> <span style=\"font-weight: 400;\">de Jundia\u00ed.<\/span><\/p>\n<p><span style=\"font-weight: 400;\">A superintendente da Funda\u00e7\u00e3o Serra do Japi, V\u00e2nia Plaza Nunes, falou do grande fluxo de pessoas, nas via p\u00fablica pr\u00f3xima \u00e0 Serra do Japi, no bairro de Santa Clara, mesmo com a recomenda\u00e7\u00e3o de permanecer em isolamento social. Por ser uma regi\u00e3o com baixo sinal para celular, o alerta \u00e9 ainda maior, caso aconte\u00e7a algum acidente.\u00a0<\/span><\/p>\n<p><span style=\"font-weight: 400;\">Diante do alto risco de contamina\u00e7\u00e3o pelo Novo Coronav\u00edrus, V\u00e2nia ressaltou que \u00e9 necess\u00e1rio entender que n\u00e3o estamos no per\u00edodo de f\u00e9rias, e as atividades f\u00edsicas devem ser realizadas em casa. \u201cEu fa\u00e7o um apelo para que todos tenham responsabilidade, pensando em si mesmas e nos outros\u201d, completou.<\/span><\/p>\n<p><b>PORTUGAL<\/b><\/p>\n<p><span style=\"font-weight: 400;\">Ainda nesta primeira edi\u00e7\u00e3o, a equipe entrevistou uma jundiaiense que mora em Portugal desde outubro de 2019. A professora, Tatiana Alejandra Flores Salina, falou como est\u00e1 sendo a rotina com seu marido e tr\u00eas filhos durante da pandemia. O pa\u00eds tem sido exemplo nas medidas de isolamento social. \u201cEstamos em casa h\u00e1 mais de um m\u00eas, pois tudo aqui \u00e9 bem protegido\u201d, disse ela.\u00a0<\/span><\/p>\n<p><b>ASSISTA A \u00cdNTEGRA DA 1\u00aa EDI\u00c7\u00c3O DO BOLETIM TVTEC DE 23 DE ABRIL DE 2020<\/b><\/p>\n<p>https:\/\/www.facebook.com\/tvtecjundiai\/videos\/217451409705671\/<\/p>\n","protected":false},"excerpt":{"rendered":"<p> Taxa de isolamento da popula\u00e7\u00e3o est\u00e1 abaixo do ideal<\/p>\n","protected":false},"author":18,"featured_media":52829,"comment_status":"closed","ping_status":"closed","sticky":false,"template":"","format":"standard","meta":{"footnotes":""},"categories":[29,3569,1,2839],"tags":[6484,6507,6342,2450,2137],"class_list":["post-52826","post","type-post","status-publish","format-standard","has-post-thumbnail","hentry","category-destaque","category-meio-ambiente","category-noticias","category-saude","tag-boletim-tvtec","tag-isolamento-social","tag-novo-coronavirus","tag-portugal","tag-serra-do-japi"],"_links":{"self":[{"href":"https:\/\/tvtecjundiai.com.br\/news\/wp-json\/wp\/v2\/posts\/52826","targetHints":{"allow":["GET"]}}],"collection":[{"href":"https:\/\/tvtecjundiai.com.br\/news\/wp-json\/wp\/v2\/posts"}],"about":[{"href":"https:\/\/tvtecjundiai.com.br\/news\/wp-json\/wp\/v2\/types\/post"}],"author":[{"embeddable":true,"href":"https:\/\/tvtecjundiai.com.br\/news\/wp-json\/wp\/v2\/users\/18"}],"replies":[{"embeddable":true,"href":"https:\/\/tvtecjundiai.com.br\/news\/wp-json\/wp\/v2\/comments?post=52826"}],"version-history":[{"count":3,"href":"https:\/\/tvtecjundiai.com.br\/news\/wp-json\/wp\/v2\/posts\/52826\/revisions"}],"predecessor-version":[{"id":52833,"href":"https:\/\/tvtecjundiai.com.br\/news\/wp-json\/wp\/v2\/posts\/52826\/revisions\/52833"}],"wp:featuredmedia":[{"embeddable":true,"href":"https:\/\/tvtecjundiai.com.br\/news\/wp-json\/wp\/v2\/media\/52829"}],"wp:attachment":[{"href":"https:\/\/tvtecjundiai.com.br\/news\/wp-json\/wp\/v2\/media?parent=52826"}],"wp:term":[{"taxonomy":"category","embeddable":true,"href":"https:\/\/tvtecjundiai.com.br\/news\/wp-json\/wp\/v2\/categories?post=52826"},{"taxonomy":"post_tag","embeddable":true,"href":"https:\/\/tvtecjundiai.com.br\/news\/wp-json\/wp\/v2\/tags?post=52826"}],"curies":[{"name":"wp","href":"https:\/\/api.w.org\/{rel}","templated":true}]}}