{"id":52880,"date":"2020-04-23T17:03:40","date_gmt":"2020-04-23T20:03:40","guid":{"rendered":"https:\/\/tvtecjundiai.com.br\/news\/?p=52880"},"modified":"2020-04-23T17:03:40","modified_gmt":"2020-04-23T20:03:40","slug":"lideres-religiosos-fazem-visita-aos-profissionais-do-hsv","status":"publish","type":"post","link":"https:\/\/tvtecjundiai.com.br\/news\/2020\/04\/23\/lideres-religiosos-fazem-visita-aos-profissionais-do-hsv\/","title":{"rendered":"L\u00edderes religiosos fazem visita aos profissionais do HSV"},"content":{"rendered":"<p>Por meio do pedido de diversos colaboradores, os l\u00edderes religiosos e membros da Capelania Crist\u00e3 do Hospital de Caridade S\u00e3o Vicente de Paulo (HSV), Pe. Cl\u00f3vis Wilson Fontenla e o Pastor Ricardo Salles, realizam exclusivamente nesta quinta e sexta-feira, dias 23 e 24 de abril, uma visita especial nas unidades de interna\u00e7\u00e3o da institui\u00e7\u00e3o. A a\u00e7\u00e3o ocorre em ambos os plant\u00f5es, \u00e0s 14h e \u00e0s 20h.<\/p>\n<div id=\"attachment_52881\" style=\"width: 452px\" class=\"wp-caption alignright\"><a href=\"https:\/\/tvtecjundiai.com.br\/news\/wp-content\/uploads\/sites\/2\/2020\/04\/padre-clovis-e-pastor-ricardo-se-reunem-em-oracoes-nos-setores-do-sao-vicente-1280x720.jpg\"><img loading=\"lazy\" decoding=\"async\" aria-describedby=\"caption-attachment-52881\" class=\" wp-image-52881\" src=\"https:\/\/tvtecjundiai.com.br\/news\/wp-content\/uploads\/sites\/2\/2020\/04\/padre-clovis-e-pastor-ricardo-se-reunem-em-oracoes-nos-setores-do-sao-vicente-1280x720-300x169.jpg\" alt=\"\" width=\"442\" height=\"249\" srcset=\"https:\/\/tvtecjundiai.com.br\/news\/wp-content\/uploads\/sites\/2\/2020\/04\/padre-clovis-e-pastor-ricardo-se-reunem-em-oracoes-nos-setores-do-sao-vicente-1280x720-300x169.jpg 300w, https:\/\/tvtecjundiai.com.br\/news\/wp-content\/uploads\/sites\/2\/2020\/04\/padre-clovis-e-pastor-ricardo-se-reunem-em-oracoes-nos-setores-do-sao-vicente-1280x720-768x432.jpg 768w, https:\/\/tvtecjundiai.com.br\/news\/wp-content\/uploads\/sites\/2\/2020\/04\/padre-clovis-e-pastor-ricardo-se-reunem-em-oracoes-nos-setores-do-sao-vicente-1280x720-1200x675.jpg 1200w, https:\/\/tvtecjundiai.com.br\/news\/wp-content\/uploads\/sites\/2\/2020\/04\/padre-clovis-e-pastor-ricardo-se-reunem-em-oracoes-nos-setores-do-sao-vicente-1280x720.jpg 1280w\" sizes=\"auto, (max-width: 442px) 100vw, 442px\" \/><\/a><p id=\"caption-attachment-52881\" class=\"wp-caption-text\">Padre Cl\u00f3vis e Pastor Ricardo se re\u00fanem em ora\u00e7\u00f5es nos setores do S\u00e3o Vicente<\/p><\/div>\n<p>O Pe. Cl\u00f3vis explica que devido \u00e0 pandemia, os capel\u00e3es n\u00e3o est\u00e3o comparecendo \u00e0s institui\u00e7\u00f5es de sa\u00fade, sendo essa uma situa\u00e7\u00e3o pontual.\u00a0 &#8220;Identificamos a necessidade desses funcion\u00e1rios receberem uma ben\u00e7\u00e3o e participarem de um momento de ora\u00e7\u00e3o em meio a dificuldade que os mesmos est\u00e3o enfrentando.&#8221;<\/p>\n<p>Durante a visita s\u00e3o percorridos o Pronto Atendimento Central, Pronto Socorro Adulto e num ambiente comum, onde profissionais de outras cl\u00ednicas tenham acesso.<\/p>\n<p>Outra iniciativa para homenagear os funcion\u00e1rios da sa\u00fade, foi a produ\u00e7\u00e3o de diversos v\u00eddeos motivacionais, que est\u00e3o sendo veiculados internamente e nas redes sociais da institui\u00e7\u00e3o. S\u00e3o mensagens de carinho e apoio de volunt\u00e1rios e artistas, al\u00e9m das mensagens enviadas pelos l\u00edderes religiosos da regi\u00e3o. \u201cIndependente da religi\u00e3o, convidamos a todos para enviarem seus v\u00eddeos, com mensagens encorajadoras para os profissionais, que est\u00e3o na linha de frente dessa batalha\u201d, finaliza Pe. Cl\u00f3vis.<\/p>\n<p><em>(Fonte\/Foto: Assessoria de Imprensa HSV)<\/em><\/p>\n","protected":false},"excerpt":{"rendered":"<p>Outra iniciativa, foi a produ\u00e7\u00e3o de diversos v\u00eddeos motivacionais <\/p>\n","protected":false},"author":13,"featured_media":52881,"comment_status":"closed","ping_status":"closed","sticky":false,"template":"","format":"standard","meta":{"footnotes":""},"categories":[2834,1,2839],"tags":[2204,5,6791],"class_list":["post-52880","post","type-post","status-publish","format-standard","has-post-thumbnail","hentry","category-cidades","category-noticias","category-saude","tag-hsv","tag-jundiai","tag-visitas-religiosas"],"_links":{"self":[{"href":"https:\/\/tvtecjundiai.com.br\/news\/wp-json\/wp\/v2\/posts\/52880","targetHints":{"allow":["GET"]}}],"collection":[{"href":"https:\/\/tvtecjundiai.com.br\/news\/wp-json\/wp\/v2\/posts"}],"about":[{"href":"https:\/\/tvtecjundiai.com.br\/news\/wp-json\/wp\/v2\/types\/post"}],"author":[{"embeddable":true,"href":"https:\/\/tvtecjundiai.com.br\/news\/wp-json\/wp\/v2\/users\/13"}],"replies":[{"embeddable":true,"href":"https:\/\/tvtecjundiai.com.br\/news\/wp-json\/wp\/v2\/comments?post=52880"}],"version-history":[{"count":1,"href":"https:\/\/tvtecjundiai.com.br\/news\/wp-json\/wp\/v2\/posts\/52880\/revisions"}],"predecessor-version":[{"id":52882,"href":"https:\/\/tvtecjundiai.com.br\/news\/wp-json\/wp\/v2\/posts\/52880\/revisions\/52882"}],"wp:featuredmedia":[{"embeddable":true,"href":"https:\/\/tvtecjundiai.com.br\/news\/wp-json\/wp\/v2\/media\/52881"}],"wp:attachment":[{"href":"https:\/\/tvtecjundiai.com.br\/news\/wp-json\/wp\/v2\/media?parent=52880"}],"wp:term":[{"taxonomy":"category","embeddable":true,"href":"https:\/\/tvtecjundiai.com.br\/news\/wp-json\/wp\/v2\/categories?post=52880"},{"taxonomy":"post_tag","embeddable":true,"href":"https:\/\/tvtecjundiai.com.br\/news\/wp-json\/wp\/v2\/tags?post=52880"}],"curies":[{"name":"wp","href":"https:\/\/api.w.org\/{rel}","templated":true}]}}