{"id":52946,"date":"2020-04-24T13:05:45","date_gmt":"2020-04-24T16:05:45","guid":{"rendered":"https:\/\/tvtecjundiai.com.br\/news\/?p=52946"},"modified":"2020-04-25T17:22:49","modified_gmt":"2020-04-25T20:22:49","slug":"prototipo-de-respirador-de-baixo-custo-e-criado-em-jundiai","status":"publish","type":"post","link":"https:\/\/tvtecjundiai.com.br\/news\/2020\/04\/24\/prototipo-de-respirador-de-baixo-custo-e-criado-em-jundiai\/","title":{"rendered":"Prot\u00f3tipo de respirador de baixo-custo \u00e9 criado em Jundia\u00ed"},"content":{"rendered":"<p><span style=\"font-weight: 400;\">O <\/span><b>Boletim TVTEC <\/b><span style=\"font-weight: 400;\">ao vivo, em sua primeira edi\u00e7\u00e3o, desta sexta-feira (24), transmitida \u00e0s 11h30, pelas redes sociais e pelo canal 24 na NET, mostrou os dados do Novo Coronav\u00edrus em Jundia\u00ed e os n\u00fameros da pandemia no Brasil e no mundo. Confira o <\/span><strong><a href=\"https:\/\/jundiai.sp.gov.br\/coronavirus\/\">Informe Epidemiol\u00f3gico<\/a><\/strong> <span style=\"font-weight: 400;\">de Jundia\u00ed.<\/span><\/p>\n<p><img loading=\"lazy\" decoding=\"async\" class=\"wp-image-52986 alignright\" src=\"https:\/\/tvtecjundiai.com.br\/news\/wp-content\/uploads\/sites\/2\/2020\/04\/respirador-300x225.jpg\" alt=\"\" width=\"480\" height=\"360\" srcset=\"https:\/\/tvtecjundiai.com.br\/news\/wp-content\/uploads\/sites\/2\/2020\/04\/respirador-300x225.jpg 300w, https:\/\/tvtecjundiai.com.br\/news\/wp-content\/uploads\/sites\/2\/2020\/04\/respirador-768x576.jpg 768w, https:\/\/tvtecjundiai.com.br\/news\/wp-content\/uploads\/sites\/2\/2020\/04\/respirador-1200x900.jpg 1200w, https:\/\/tvtecjundiai.com.br\/news\/wp-content\/uploads\/sites\/2\/2020\/04\/respirador.jpg 1280w\" sizes=\"auto, (max-width: 480px) 100vw, 480px\" \/><\/p>\n<p><span style=\"font-weight: 400;\">Outra reportagem, mostrou a parceria entre a\u00a0 Incubadora de Tecnologia da Prefeitura de Jundia\u00ed, o\u00a0 Sesi e a Faculdade de Medicina de Jundia\u00ed, para desenvolver o prot\u00f3tipo de um respirador de baixo custo <em>(foto)<\/em> para ajudar no tratamento da Covid-19. A diretora de Ci\u00eancia e Tecnologia, Mariana Savedra, respons\u00e1vel pela Incubadora, falou sobre os detalhes deste projeto. \u201cEste respirador, devido a sua simplicidade e alta efic\u00e1cia, vai conseguir chegar onde os respiradores de alta complexidade e muito caros n\u00e3o chegam\u201d, explicou.<\/span><\/p>\n<p><span style=\"font-weight: 400;\">O prot\u00f3tipo foi criado pelo professor engenheiro, Milton Fl\u00e1vio Macedo, PhD em Engenharia Mec\u00e2nica pela Unicamp. O projeto final foi apresentado na manh\u00e3 de hoje (24), para a junta m\u00e9dica da FMJ. De acordo com o professor, o prot\u00f3tipo \u00e9 de baixo custo, pois n\u00e3o foi utilizada eletr\u00f4nica sofisticada, como microprocessadores.\u00a0<\/span><\/p>\n<p><b>PROCON JUNDIA\u00cd<\/b><\/p>\n<p><span style=\"font-weight: 400;\">Ainda nesta primeira edi\u00e7\u00e3o, a equipe entrevistou a chefe do Procon Jundia\u00ed, Geslane Rosa, para falar sobre o aumento das reclama\u00e7\u00f5es por compras on-line no per\u00edodo da quarentena.<\/span><\/p>\n<p><span style=\"font-weight: 400;\">Os principais fatores de reclama\u00e7\u00f5es s\u00e3o: demora na entrega, problemas na cobran\u00e7a e produtos com defeitos.\u201cA orienta\u00e7\u00e3o \u00e9 que os compradores fa\u00e7am suas compras em sites confi\u00e1veis e conhecidos\u201d, orientou Geslane.<\/span><\/p>\n<p><b>ASSISTA A \u00cdNTEGRA DA 1\u00aa EDI\u00c7\u00c3O DO BOLETIM TVTEC DE 24 DE ABRIL DE 2020<\/b><\/p>\n<p>https:\/\/www.facebook.com\/tvtecjundiai\/videos\/318955532416873\/<\/p>\n","protected":false},"excerpt":{"rendered":"<p>Projeto \u00e9 uma parceria entre a Incubadora de Tecnologia, Sesi e a FMJ<\/p>\n","protected":false},"author":18,"featured_media":52986,"comment_status":"closed","ping_status":"closed","sticky":false,"template":"","format":"standard","meta":{"footnotes":""},"categories":[1,2839,2835],"tags":[6484,6512,6067],"class_list":["post-52946","post","type-post","status-publish","format-standard","has-post-thumbnail","hentry","category-noticias","category-saude","category-tecnologia","tag-boletim-tvtec","tag-covid-19","tag-incubadora-tecnologica"],"_links":{"self":[{"href":"https:\/\/tvtecjundiai.com.br\/news\/wp-json\/wp\/v2\/posts\/52946","targetHints":{"allow":["GET"]}}],"collection":[{"href":"https:\/\/tvtecjundiai.com.br\/news\/wp-json\/wp\/v2\/posts"}],"about":[{"href":"https:\/\/tvtecjundiai.com.br\/news\/wp-json\/wp\/v2\/types\/post"}],"author":[{"embeddable":true,"href":"https:\/\/tvtecjundiai.com.br\/news\/wp-json\/wp\/v2\/users\/18"}],"replies":[{"embeddable":true,"href":"https:\/\/tvtecjundiai.com.br\/news\/wp-json\/wp\/v2\/comments?post=52946"}],"version-history":[{"count":6,"href":"https:\/\/tvtecjundiai.com.br\/news\/wp-json\/wp\/v2\/posts\/52946\/revisions"}],"predecessor-version":[{"id":53073,"href":"https:\/\/tvtecjundiai.com.br\/news\/wp-json\/wp\/v2\/posts\/52946\/revisions\/53073"}],"wp:featuredmedia":[{"embeddable":true,"href":"https:\/\/tvtecjundiai.com.br\/news\/wp-json\/wp\/v2\/media\/52986"}],"wp:attachment":[{"href":"https:\/\/tvtecjundiai.com.br\/news\/wp-json\/wp\/v2\/media?parent=52946"}],"wp:term":[{"taxonomy":"category","embeddable":true,"href":"https:\/\/tvtecjundiai.com.br\/news\/wp-json\/wp\/v2\/categories?post=52946"},{"taxonomy":"post_tag","embeddable":true,"href":"https:\/\/tvtecjundiai.com.br\/news\/wp-json\/wp\/v2\/tags?post=52946"}],"curies":[{"name":"wp","href":"https:\/\/api.w.org\/{rel}","templated":true}]}}