{"id":52964,"date":"2020-04-24T18:31:50","date_gmt":"2020-04-24T21:31:50","guid":{"rendered":"https:\/\/tvtecjundiai.com.br\/news\/?p=52964"},"modified":"2020-04-24T18:33:39","modified_gmt":"2020-04-24T21:33:39","slug":"fotos-de-menina-de-jundiai-sao-sucesso-em-rede-social-que-recria-obras-de-arte%e2%80%8b","status":"publish","type":"post","link":"https:\/\/tvtecjundiai.com.br\/news\/2020\/04\/24\/fotos-de-menina-de-jundiai-sao-sucesso-em-rede-social-que-recria-obras-de-arte%e2%80%8b\/","title":{"rendered":"Fotos de menina de Jundia\u00ed s\u00e3o sucesso em rede social que recria obras de arte\u200b"},"content":{"rendered":"<p>Casados h\u00e1 12 anos, Mari\u00e2ngela Castilho U. de Oliveira e Fernando Z. U. de Oliveira t\u00eam duas coisas muito fortes em comum: o amor sem tamanho \u00e0 filha Maria Luiza (Malu), de oito anos, e o gosto pela Fotografia como hobby. \u201cNa verdade, acho que \u00e9 um hobby de pais bab\u00f5es\u201d, classifica Mari\u00e2ngela \u2013 ela trabalha com Educa\u00e7\u00e3o Especial e ele \u00e9 diretor financeiro de uma empresa.<\/p>\n<div id=\"attachment_52967\" style=\"width: 510px\" class=\"wp-caption alignright\"><img loading=\"lazy\" decoding=\"async\" aria-describedby=\"caption-attachment-52967\" class=\"wp-image-52967\" src=\"https:\/\/tvtecjundiai.com.br\/news\/wp-content\/uploads\/sites\/2\/2020\/04\/malu-frida-300x168.png\" alt=\"\" width=\"500\" height=\"280\" srcset=\"https:\/\/tvtecjundiai.com.br\/news\/wp-content\/uploads\/sites\/2\/2020\/04\/malu-frida-300x168.png 300w, https:\/\/tvtecjundiai.com.br\/news\/wp-content\/uploads\/sites\/2\/2020\/04\/malu-frida-768x430.png 768w, https:\/\/tvtecjundiai.com.br\/news\/wp-content\/uploads\/sites\/2\/2020\/04\/malu-frida.png 932w\" sizes=\"auto, (max-width: 500px) 100vw, 500px\" \/><p id=\"caption-attachment-52967\" class=\"wp-caption-text\">Fotografada pelos pais Fernando e Mari\u00e2ngela, Malu \u00e9 sucesso no @tussenkunstenquarantaine<\/p><\/div>\n<p>Os dois ficaram encantados quando souberam pelo Instagram do projeto holand\u00eas para a quarentena chamado <em>@tussenkunstenquarantaine<\/em> \u2013 por defini\u00e7\u00e3o, uma conta colaborativa que no per\u00edodo de distanciamento social desafia \u00e0 recria\u00e7\u00e3o de obras de arte \u2013 do jeito que der, em casa, com a fotografia. E tamb\u00e9m que o <em>@canalarte1<\/em> no Brasil tamb\u00e9m estava fazendo a mesma coisa.<\/p>\n<p>E iniciaram as fotos de Malu. \u201cO Arte 1 foi o primeiro a postar nossa foto e esta semana para nossa surpresa o da Holanda fez um post especial com 7 fotos da Maria Luiza\u201d, conta Mari\u00e2ngela.<\/p>\n<p>Ela diz que come\u00e7ou fazendo montagens e repostando fotos que j\u00e1 possu\u00eda, como a da Frida Kahlo <em>(foto acima)<\/em>, que \u00e9 do anivers\u00e1rio de sua filha de dois anos atr\u00e1s. \u201cEu e Fernando lembramos o quanto ela tinha se divertido tirando aquelas fotos e resolvemos fazer mais. Tivemos a certeza que ela gosta realmente e virou divers\u00e3o em fam\u00edlia: eu como produtora e o pai como fot\u00f3grafo\u201d, explica.<\/p>\n<p>A fam\u00edlia n\u00e3o para de receber mensagens carinhosas, primeiro foram dos amigos e agora, ap\u00f3s essas publica\u00e7\u00f5es, recebem mensagens de gente do mundo inteiro. \u201cAlgumas tive que consultar o Google Tradutor para saber o que estava escrito\u201d, informa rindo a educadora. Em v\u00e1rias mensagens as pessoas dizem que conseguimos, atrav\u00e9s das fotos, alegrar o dia delas e isso foi nosso grande presente. Saber que minha filha alegra o dia de pessoas que ela nem conhece\u201d, avalia. \u201cNosso intuito sempre foi este, mostrar o quanto a Maria Luiza transmite felicidade! \u00c9 isso que tenho e temos todos os dias\u201d, comenta.<\/p>\n<p>Mari\u00e2ngela acha bem triste ver o mundo como est\u00e1 neste momento. \u201dBem dif\u00edcil ela n\u00e3o ter as terapias presencias da minha filha, ela n\u00e3o poder frequentar a escola e principalmente n\u00e3o poder ver os av\u00f3s, tios, primos. Mas ao mesmo tempo, muito cedo para ela entender tudo isso, ent\u00e3o prefiro um mundo colorido para ela, \u00e9 o que eu e meu marido tentamos fazer sempre!\u201d, garante. \u201dAcho que a mensagem de tudo isso \u00e9 essa, de buscarmos sorriso e beleza em qualquer tempo, mas especialmente em tempos dif\u00edceis\u201d, encerra. <em>(Pedro F\u00e1varo Jr.)<\/em><\/p>\n<p><strong>VEJA AS FOTOS DE MARIA LUIZA <a href=\"https:\/\/www.instagram.com\/maria.luiza.castilho\/?igshid=1w4uag0nzznj3\" target=\"_blank\" rel=\"noopener noreferrer\">CLICANDO AQUI.<\/a><\/strong><\/p>\n","protected":false},"excerpt":{"rendered":"<p>Fotografada pelos pais Fernando e Mari\u00e2ngela, Malu \u00e9 sucesso no @tussenkunstenquarantaine<\/p>\n","protected":false},"author":8,"featured_media":52965,"comment_status":"closed","ping_status":"closed","sticky":false,"template":"","format":"standard","meta":{"footnotes":""},"categories":[2833,1,2839],"tags":[],"class_list":["post-52964","post","type-post","status-publish","format-standard","has-post-thumbnail","hentry","category-cultura","category-noticias","category-saude"],"_links":{"self":[{"href":"https:\/\/tvtecjundiai.com.br\/news\/wp-json\/wp\/v2\/posts\/52964","targetHints":{"allow":["GET"]}}],"collection":[{"href":"https:\/\/tvtecjundiai.com.br\/news\/wp-json\/wp\/v2\/posts"}],"about":[{"href":"https:\/\/tvtecjundiai.com.br\/news\/wp-json\/wp\/v2\/types\/post"}],"author":[{"embeddable":true,"href":"https:\/\/tvtecjundiai.com.br\/news\/wp-json\/wp\/v2\/users\/8"}],"replies":[{"embeddable":true,"href":"https:\/\/tvtecjundiai.com.br\/news\/wp-json\/wp\/v2\/comments?post=52964"}],"version-history":[{"count":4,"href":"https:\/\/tvtecjundiai.com.br\/news\/wp-json\/wp\/v2\/posts\/52964\/revisions"}],"predecessor-version":[{"id":53029,"href":"https:\/\/tvtecjundiai.com.br\/news\/wp-json\/wp\/v2\/posts\/52964\/revisions\/53029"}],"wp:featuredmedia":[{"embeddable":true,"href":"https:\/\/tvtecjundiai.com.br\/news\/wp-json\/wp\/v2\/media\/52965"}],"wp:attachment":[{"href":"https:\/\/tvtecjundiai.com.br\/news\/wp-json\/wp\/v2\/media?parent=52964"}],"wp:term":[{"taxonomy":"category","embeddable":true,"href":"https:\/\/tvtecjundiai.com.br\/news\/wp-json\/wp\/v2\/categories?post=52964"},{"taxonomy":"post_tag","embeddable":true,"href":"https:\/\/tvtecjundiai.com.br\/news\/wp-json\/wp\/v2\/tags?post=52964"}],"curies":[{"name":"wp","href":"https:\/\/api.w.org\/{rel}","templated":true}]}}