{"id":53110,"date":"2020-04-27T09:27:03","date_gmt":"2020-04-27T12:27:03","guid":{"rendered":"https:\/\/tvtecjundiai.com.br\/news\/?p=53110"},"modified":"2020-04-27T11:25:52","modified_gmt":"2020-04-27T14:25:52","slug":"paciente-com-covid-19-e-homenageado-na-uti-em-jundiai","status":"publish","type":"post","link":"https:\/\/tvtecjundiai.com.br\/news\/2020\/04\/27\/paciente-com-covid-19-e-homenageado-na-uti-em-jundiai\/","title":{"rendered":"Paciente com Covid-19 \u00e9 homenageado na UTI em Jundia\u00ed"},"content":{"rendered":"<div id=\"attachment_53112\" style=\"width: 242px\" class=\"wp-caption alignleft\"><a href=\"https:\/\/tvtecjundiai.com.br\/news\/wp-content\/uploads\/sites\/2\/2020\/04\/3-10.jpg\"><img loading=\"lazy\" decoding=\"async\" aria-describedby=\"caption-attachment-53112\" class=\"wp-image-53112\" src=\"https:\/\/tvtecjundiai.com.br\/news\/wp-content\/uploads\/sites\/2\/2020\/04\/3-10-300x374.jpg\" alt=\"\" width=\"232\" height=\"289\" srcset=\"https:\/\/tvtecjundiai.com.br\/news\/wp-content\/uploads\/sites\/2\/2020\/04\/3-10-300x374.jpg 300w, https:\/\/tvtecjundiai.com.br\/news\/wp-content\/uploads\/sites\/2\/2020\/04\/3-10-768x956.jpg 768w, https:\/\/tvtecjundiai.com.br\/news\/wp-content\/uploads\/sites\/2\/2020\/04\/3-10-771x960.jpg 771w, https:\/\/tvtecjundiai.com.br\/news\/wp-content\/uploads\/sites\/2\/2020\/04\/3-10.jpg 1000w\" sizes=\"auto, (max-width: 232px) 100vw, 232px\" \/><\/a><p id=\"caption-attachment-53112\" class=\"wp-caption-text\">Valmor deu entrada no hospital no dia 19 de abril<\/p><\/div>\n<p>Um paciente com Covid-19 viveu momentos intensos nos \u00faltimos dias. Internado na Unidade de Terapia Intensiva (UTI) do Hospital S\u00e3o Vicente de Paulo, Valmor Gaudino completou 46 anos e ganhou parab\u00e9ns da equipe m\u00e9dica.<\/p>\n<p class=\"content-text__container \" data-track-category=\"Link no Texto\" data-track-links=\"\">Galdino chegou a ter alta no mesmo dia do anivers\u00e1rio, 22 de abril, por\u00e9m, precisou retornar ao hospital no dia seguinte, ap\u00f3s passar mal novamente. Ele est\u00e1 internado na UTI por ser uma ala dedicada exclusivamente aos pacientes com coronav\u00edrus, mas o estado de sa\u00fade dele \u00e9 est\u00e1vel.<\/p>\n<p class=\"content-text__container \" data-track-category=\"Link no Texto\" data-track-links=\"\">Valmor deu entrada no hospital no dia 19 de abril e foi diagnosticado com infec\u00e7\u00e3o respirat\u00f3ria pelo novo coronav\u00edrus.<\/p>\n<div class=\"row medium-uncollapsed content-media content-photo\" data-block-type=\"backstage-photo\" data-block-id=\"7\">\n<div class=\"mc-column content-media__container\">\n<div class=\"progressive-img can-open-lightbox\" data-min-size=\"1008x1255\" data-min-size-url=\"https:\/\/s2.glbimg.com\/6Uv8pGYgBZr66p3SCHeoAiQS5DU=\/622x0:1303x848\/1008x0\/smart\/filters:strip_icc()\/i.s3.glbimg.com\/v1\/AUTH_59edd422c0c84a879bd37670ae4f538a\/internal_photos\/bs\/2020\/V\/i\/jtr5gITuqIV6tkFUDwqg\/g1-parabens-paciente-covid-iii.jpg\" data-max-size=\"1600x1992\" data-max-size-url=\"https:\/\/s2.glbimg.com\/8naYl40RuznVPfUT655Ky5-G3fE=\/622x0:1303x848\/1600x0\/smart\/filters:strip_icc()\/i.s3.glbimg.com\/v1\/AUTH_59edd422c0c84a879bd37670ae4f538a\/internal_photos\/bs\/2020\/V\/i\/jtr5gITuqIV6tkFUDwqg\/g1-parabens-paciente-covid-iii.jpg\" data-media-index=\"0\">\n<div class=\"mc-column content-text active-extra-styles \" data-block-type=\"unstyled\" data-block-weight=\"20\" data-block-id=\"9\">\n<p class=\"content-text__container \" data-track-category=\"Link no Texto\">Em Jundia\u00ed, a prefeitura registrou mais de 100 casos positivos de coronav\u00edrus.<\/p>\n<div class=\"row medium-uncollapsed content-media content-video \" data-block-type=\"backstage-video\" data-block-id=\"0\">\n<div class=\"content-media__container column medium-22 large-20 medium-centered\">\n<p><em>(Fonte: G1\/Foto: Divulga\u00e7\u00e3o\/Hospital S\u00e3o Vicente de Paulo)<\/em><\/p>\n<div class=\"content-ads content-ads--reveal\" data-block-type=\"ads\" data-block-id=\"8\">\n<div id=\"banner_materia2\" class=\"tag-manager-publicidade-container mc-has-reveal mc-has-ad-lazyload tag-manager-publicidade-banner_materia2 tag-manager-publicidade-container--carregado tag-manager-publicidade-container--visivel\" data-id=\"banner_materia2\" data-cid=\"null\" data-lid=\"null\" data-google-query-id=\"CNSLx_TMiOkCFcwJuQYdNBsKvw\"><\/div>\n<\/div>\n<\/div>\n<\/div>\n<\/div>\n<\/div>\n<\/div>\n<\/div>\n","protected":false},"excerpt":{"rendered":"<p>A Prefeitura de Jundia\u00ed registrou mais de 100 casos na cidade <\/p>\n","protected":false},"author":13,"featured_media":53111,"comment_status":"closed","ping_status":"closed","sticky":false,"template":"","format":"standard","meta":{"footnotes":""},"categories":[2834,1],"tags":[5,6342],"class_list":["post-53110","post","type-post","status-publish","format-standard","has-post-thumbnail","hentry","category-cidades","category-noticias","tag-jundiai","tag-novo-coronavirus"],"_links":{"self":[{"href":"https:\/\/tvtecjundiai.com.br\/news\/wp-json\/wp\/v2\/posts\/53110","targetHints":{"allow":["GET"]}}],"collection":[{"href":"https:\/\/tvtecjundiai.com.br\/news\/wp-json\/wp\/v2\/posts"}],"about":[{"href":"https:\/\/tvtecjundiai.com.br\/news\/wp-json\/wp\/v2\/types\/post"}],"author":[{"embeddable":true,"href":"https:\/\/tvtecjundiai.com.br\/news\/wp-json\/wp\/v2\/users\/13"}],"replies":[{"embeddable":true,"href":"https:\/\/tvtecjundiai.com.br\/news\/wp-json\/wp\/v2\/comments?post=53110"}],"version-history":[{"count":5,"href":"https:\/\/tvtecjundiai.com.br\/news\/wp-json\/wp\/v2\/posts\/53110\/revisions"}],"predecessor-version":[{"id":53148,"href":"https:\/\/tvtecjundiai.com.br\/news\/wp-json\/wp\/v2\/posts\/53110\/revisions\/53148"}],"wp:featuredmedia":[{"embeddable":true,"href":"https:\/\/tvtecjundiai.com.br\/news\/wp-json\/wp\/v2\/media\/53111"}],"wp:attachment":[{"href":"https:\/\/tvtecjundiai.com.br\/news\/wp-json\/wp\/v2\/media?parent=53110"}],"wp:term":[{"taxonomy":"category","embeddable":true,"href":"https:\/\/tvtecjundiai.com.br\/news\/wp-json\/wp\/v2\/categories?post=53110"},{"taxonomy":"post_tag","embeddable":true,"href":"https:\/\/tvtecjundiai.com.br\/news\/wp-json\/wp\/v2\/tags?post=53110"}],"curies":[{"name":"wp","href":"https:\/\/api.w.org\/{rel}","templated":true}]}}