{"id":53174,"date":"2020-04-27T15:07:11","date_gmt":"2020-04-27T18:07:11","guid":{"rendered":"https:\/\/tvtecjundiai.com.br\/news\/?p=53174"},"modified":"2020-04-27T16:46:08","modified_gmt":"2020-04-27T19:46:08","slug":"pacaembu-completa-80-anos-nesta-segunda","status":"publish","type":"post","link":"https:\/\/tvtecjundiai.com.br\/news\/2020\/04\/27\/pacaembu-completa-80-anos-nesta-segunda\/","title":{"rendered":"Pacaembu completa 80 anos nesta segunda"},"content":{"rendered":"<p>H\u00e1 precisamente oito d\u00e9cadas, o Est\u00e1dio Municipal do Pacaembu abria as portas para o p\u00fablico na Pra\u00e7a Charles Miller, na cidade de S\u00e3o Paulo. Anos depois, seria rebatizado de Paulo Machado de Carvalho, nome do chefe das delega\u00e7\u00f5es do Brasil nas conquistas da Su\u00e9cia (1958) e do Chile (1962). Misturado ao nome do bairro, o monumento sediou eventos culturais marcantes.<\/p>\n<div id=\"attachment_53175\" style=\"width: 510px\" class=\"wp-caption alignright\"><img loading=\"lazy\" decoding=\"async\" aria-describedby=\"caption-attachment-53175\" class=\"wp-image-53175\" src=\"https:\/\/tvtecjundiai.com.br\/news\/wp-content\/uploads\/sites\/2\/2020\/04\/pacaembufotosalva-300x169.jpg\" alt=\"\" width=\"500\" height=\"281\" srcset=\"https:\/\/tvtecjundiai.com.br\/news\/wp-content\/uploads\/sites\/2\/2020\/04\/pacaembufotosalva-300x169.jpg 300w, https:\/\/tvtecjundiai.com.br\/news\/wp-content\/uploads\/sites\/2\/2020\/04\/pacaembufotosalva-768x432.jpg 768w, https:\/\/tvtecjundiai.com.br\/news\/wp-content\/uploads\/sites\/2\/2020\/04\/pacaembufotosalva-1200x675.jpg 1200w, https:\/\/tvtecjundiai.com.br\/news\/wp-content\/uploads\/sites\/2\/2020\/04\/pacaembufotosalva.jpg 1280w\" sizes=\"auto, (max-width: 500px) 100vw, 500px\" \/><p id=\"caption-attachment-53175\" class=\"wp-caption-text\">Hoje, est\u00e1dio abriga hospital para pacientes com coronav\u00edrus<\/p><\/div>\n<p>Entre os cap\u00edtulos desta hist\u00f3ria, jogos na Copa de 1950, as despedidas de Rom\u00e1rio e Ronaldo fen\u00f4meno da sele\u00e7\u00e3o brasileira e as conquistas da Libertadores da Am\u00e9rica por Santos (2011) e Corinthians (2012). Al\u00e9m disso, o gramado virou palco para receber o beatle Paul McCartney e o primeiro show dos Rolling Stones no Brasil.<\/p>\n<p>Pel\u00e9 tamb\u00e9m reinou por muitas vezes no Pacaembu. Foram 159 partidas e 127 gols marcados no est\u00e1dio, onde jogou pela \u00faltima vez em setembro de 1974.<\/p>\n<p>No in\u00edcio deste ano, o est\u00e1dio foi concedido pela prefeitura \u00e0 iniciativa privada. Hoje, o campo tornou-se a base de um hospital de campanha com 200 leitos para atender \u00e0s v\u00edtimas do novo coronav\u00edrus (covid-19).<\/p>\n<p>Os administradores do Pacaembu pretendem realizar uma obra no final deste ano. A ideia \u00e9 que no local onde se localiza o famoso tobog\u00e3 seja constru\u00eddo um edif\u00edcio de uso m\u00faltiplo de 44 mil m\u00b2 que abrigar\u00e1 espa\u00e7os comerciais, de alimentos e bebidas, de varejo, al\u00e9m de um estacionamento com 450 vagas, um anfiteatro, um centro de conven\u00e7\u00f5es subterr\u00e2neo e eventos.<\/p>\n<p><em>(Fonte: Agencia Brasil\/Imagem: Raphael Patrasso)<\/em><\/p>\n","protected":false},"excerpt":{"rendered":"<p>Hoje, est\u00e1dio abriga hospital para pacientes com coronav\u00edrus<\/p>\n","protected":false},"author":18,"featured_media":0,"comment_status":"closed","ping_status":"closed","sticky":false,"template":"","format":"standard","meta":{"footnotes":""},"categories":[2827,1],"tags":[6819,193,6818,1949,1955,6467],"class_list":["post-53174","post","type-post","status-publish","format-standard","hentry","category-esportes-e-lazer","category-noticias","tag-80-anos","tag-aniversario","tag-estadio","tag-futebol","tag-hospital","tag-pacaembu"],"_links":{"self":[{"href":"https:\/\/tvtecjundiai.com.br\/news\/wp-json\/wp\/v2\/posts\/53174","targetHints":{"allow":["GET"]}}],"collection":[{"href":"https:\/\/tvtecjundiai.com.br\/news\/wp-json\/wp\/v2\/posts"}],"about":[{"href":"https:\/\/tvtecjundiai.com.br\/news\/wp-json\/wp\/v2\/types\/post"}],"author":[{"embeddable":true,"href":"https:\/\/tvtecjundiai.com.br\/news\/wp-json\/wp\/v2\/users\/18"}],"replies":[{"embeddable":true,"href":"https:\/\/tvtecjundiai.com.br\/news\/wp-json\/wp\/v2\/comments?post=53174"}],"version-history":[{"count":3,"href":"https:\/\/tvtecjundiai.com.br\/news\/wp-json\/wp\/v2\/posts\/53174\/revisions"}],"predecessor-version":[{"id":53220,"href":"https:\/\/tvtecjundiai.com.br\/news\/wp-json\/wp\/v2\/posts\/53174\/revisions\/53220"}],"wp:attachment":[{"href":"https:\/\/tvtecjundiai.com.br\/news\/wp-json\/wp\/v2\/media?parent=53174"}],"wp:term":[{"taxonomy":"category","embeddable":true,"href":"https:\/\/tvtecjundiai.com.br\/news\/wp-json\/wp\/v2\/categories?post=53174"},{"taxonomy":"post_tag","embeddable":true,"href":"https:\/\/tvtecjundiai.com.br\/news\/wp-json\/wp\/v2\/tags?post=53174"}],"curies":[{"name":"wp","href":"https:\/\/api.w.org\/{rel}","templated":true}]}}