{"id":53189,"date":"2020-04-27T16:05:55","date_gmt":"2020-04-27T19:05:55","guid":{"rendered":"https:\/\/tvtecjundiai.com.br\/news\/?p=53189"},"modified":"2020-04-27T16:15:22","modified_gmt":"2020-04-27T19:15:22","slug":"eli-correa-le-carta-da-saudade-para-vitima-de-covid-19-em-jundiai","status":"publish","type":"post","link":"https:\/\/tvtecjundiai.com.br\/news\/2020\/04\/27\/eli-correa-le-carta-da-saudade-para-vitima-de-covid-19-em-jundiai\/","title":{"rendered":"Eli Corr\u00eaa l\u00ea carta da saudade para v\u00edtima de Covid-19 em Jundia\u00ed"},"content":{"rendered":"<p>Em seu canal do Youtube, o radialista Eli Corr\u00eaa &#8211; nacionalmente conhecido como <em>&#8220;O homem sorriso do radio&#8221;<\/em> e pelo bord\u00e3o <em>&#8220;Oiii, gente!&#8221;<\/em>, postou nesta segunda-feira (27), uma carta da saudade em homenagem as v\u00edtimas do Coronav\u00edrus no Brasil, especialmente ao t\u00e9cnico de enfermagem Tiago Andrade Silva, de 35 anos, morador de Caieiras que trabalhava no Hospital S\u00e3o Vicente desde 2016 e morreu na madrugada do domingo (19).<\/p>\n<p><strong>Confira o v\u00eddeo<\/strong><\/p>\n<p><iframe loading=\"lazy\" title=\"Vencido pela peste | Eli Corr\u00eaa Oficial |\" width=\"500\" height=\"281\" src=\"https:\/\/www.youtube.com\/embed\/ez1QSc10C9s?feature=oembed\" frameborder=\"0\" allow=\"accelerometer; autoplay; clipboard-write; encrypted-media; gyroscope; picture-in-picture; web-share\" referrerpolicy=\"strict-origin-when-cross-origin\" allowfullscreen><\/iframe><\/p>\n<div class=\"mod\" lang=\"pt-BR\" data-md=\"30\" data-hveid=\"CA0QAA\" data-ved=\"2ahUKEwiAp_CVoYnpAhW1HrkGHVSsDIIQ6-0CMCR6BAgNEAA\"><em>(Fonte: Divulga\u00e7\u00e3o\/Foto: Folhapress)<\/em><\/div>\n<div class=\"mod\" lang=\"pt-BR\" data-attrid=\"kc:\/people\/person:born\" data-md=\"1001\" data-hveid=\"CA4QAA\" data-ved=\"2ahUKEwiAp_CVoYnpAhW1HrkGHVSsDIIQkCkwJXoECA4QAA\">\n<div class=\"Z1hOCe\"><\/div>\n<\/div>\n<p>&nbsp;<\/p>\n","protected":false},"excerpt":{"rendered":"<p>Tiago Andrade Silva, de 35 anos, trabalhava no Hospital S\u00e3o Vicente desde 2016 <\/p>\n","protected":false},"author":13,"featured_media":53204,"comment_status":"closed","ping_status":"closed","sticky":false,"template":"","format":"standard","meta":{"footnotes":""},"categories":[1],"tags":[6825,6242,6824,5],"class_list":["post-53189","post","type-post","status-publish","format-standard","has-post-thumbnail","hentry","category-noticias","tag-carta-da-saudade","tag-coronavirus","tag-eli-correa","tag-jundiai"],"_links":{"self":[{"href":"https:\/\/tvtecjundiai.com.br\/news\/wp-json\/wp\/v2\/posts\/53189","targetHints":{"allow":["GET"]}}],"collection":[{"href":"https:\/\/tvtecjundiai.com.br\/news\/wp-json\/wp\/v2\/posts"}],"about":[{"href":"https:\/\/tvtecjundiai.com.br\/news\/wp-json\/wp\/v2\/types\/post"}],"author":[{"embeddable":true,"href":"https:\/\/tvtecjundiai.com.br\/news\/wp-json\/wp\/v2\/users\/13"}],"replies":[{"embeddable":true,"href":"https:\/\/tvtecjundiai.com.br\/news\/wp-json\/wp\/v2\/comments?post=53189"}],"version-history":[{"count":7,"href":"https:\/\/tvtecjundiai.com.br\/news\/wp-json\/wp\/v2\/posts\/53189\/revisions"}],"predecessor-version":[{"id":53210,"href":"https:\/\/tvtecjundiai.com.br\/news\/wp-json\/wp\/v2\/posts\/53189\/revisions\/53210"}],"wp:featuredmedia":[{"embeddable":true,"href":"https:\/\/tvtecjundiai.com.br\/news\/wp-json\/wp\/v2\/media\/53204"}],"wp:attachment":[{"href":"https:\/\/tvtecjundiai.com.br\/news\/wp-json\/wp\/v2\/media?parent=53189"}],"wp:term":[{"taxonomy":"category","embeddable":true,"href":"https:\/\/tvtecjundiai.com.br\/news\/wp-json\/wp\/v2\/categories?post=53189"},{"taxonomy":"post_tag","embeddable":true,"href":"https:\/\/tvtecjundiai.com.br\/news\/wp-json\/wp\/v2\/tags?post=53189"}],"curies":[{"name":"wp","href":"https:\/\/api.w.org\/{rel}","templated":true}]}}