{"id":53279,"date":"2020-04-28T09:12:30","date_gmt":"2020-04-28T12:12:30","guid":{"rendered":"https:\/\/tvtecjundiai.com.br\/news\/?p=53279"},"modified":"2020-04-28T09:13:17","modified_gmt":"2020-04-28T12:13:17","slug":"banda-anima-noites-nas-varandas-com-trio-eletrico","status":"publish","type":"post","link":"https:\/\/tvtecjundiai.com.br\/news\/2020\/04\/28\/banda-anima-noites-nas-varandas-com-trio-eletrico\/","title":{"rendered":"Banda anima noites nas varandas com trio el\u00e9trico"},"content":{"rendered":"<p>As noites do distanciamento social n\u00e3o ser\u00e3o mais as mesmas em Bras\u00edlia. Do alto de um trio el\u00e9trico uma banda est\u00e1 percorrendo ruas do Distrito Federal cantando m\u00fasicas que falam de amor e esperan\u00e7a. Depois da apresenta\u00e7\u00e3o em \u00c1guas Claras, a banda\u00a0@sunflowerjams passou neste s\u00e1bado (25) no in\u00edcio da noite, pela quadra 105 da Asa Norte.<\/p>\n<p>Do alto das janelas, pessoas acenavam e dan\u00e7avam. <strong>\u201c<\/strong>Foi incr\u00edvel! Pessoas em casa emocionadas! Foi lindo! Que trabalho incr\u00edvel levando m\u00fasica \u00f3tima, leveza, alegria, positividade e conscientiza\u00e7\u00e3o\u201d, disse Jeann da Cunha, morador e prefeito comunit\u00e1rio da Quadra 105 Norte.<\/p>\n<p>\u201cAs pessoas vibraram, choraram, dan\u00e7aram e se alegraram. Por alguns momentos, sentiram-se livres da amea\u00e7a do v\u00edrus e unidos pela frequ\u00eancia do amor\u201d, comentou a seguidora Grace no Instagram. O trio el\u00e9trico foi para as ruas com apoio de algumas empresas e 3 prefeituras comunit\u00e1rias da Asa Norte.<\/p>\n<p>A ideia deu certo e agora a banda pretende fazer uma turn\u00ea pelas ruas do Distrito Federal. Veja como foi a apresenta\u00e7\u00e3o deste s\u00e1bado na Asa Norte, em Bras\u00edlia:<\/p>\n<p><iframe loading=\"lazy\" title=\"Banda anima noites nas varandas com trio el\u00e9trico: v\u00eddeo\" width=\"500\" height=\"281\" src=\"https:\/\/www.youtube.com\/embed\/ys_7tVVJ694?feature=oembed\" frameborder=\"0\" allow=\"accelerometer; autoplay; clipboard-write; encrypted-media; gyroscope; picture-in-picture; web-share\" referrerpolicy=\"strict-origin-when-cross-origin\" allowfullscreen><\/iframe><\/p>\n<p><em>(Fonte: S\u00f3 Not\u00edcia Boa\/Foto: Reprodu\u00e7\u00e3o)<\/em><\/p>\n","protected":false},"excerpt":{"rendered":"<p>A ideia deu certo e agora a banda pretende fazer uma turn\u00ea pelas ruas do Distrito Federal<\/p>\n","protected":false},"author":13,"featured_media":53280,"comment_status":"closed","ping_status":"closed","sticky":false,"template":"","format":"standard","meta":{"footnotes":""},"categories":[3076,1],"tags":[1903,6507],"class_list":["post-53279","post","type-post","status-publish","format-standard","has-post-thumbnail","hentry","category-entretenimento","category-noticias","tag-brasil","tag-isolamento-social"],"_links":{"self":[{"href":"https:\/\/tvtecjundiai.com.br\/news\/wp-json\/wp\/v2\/posts\/53279","targetHints":{"allow":["GET"]}}],"collection":[{"href":"https:\/\/tvtecjundiai.com.br\/news\/wp-json\/wp\/v2\/posts"}],"about":[{"href":"https:\/\/tvtecjundiai.com.br\/news\/wp-json\/wp\/v2\/types\/post"}],"author":[{"embeddable":true,"href":"https:\/\/tvtecjundiai.com.br\/news\/wp-json\/wp\/v2\/users\/13"}],"replies":[{"embeddable":true,"href":"https:\/\/tvtecjundiai.com.br\/news\/wp-json\/wp\/v2\/comments?post=53279"}],"version-history":[{"count":2,"href":"https:\/\/tvtecjundiai.com.br\/news\/wp-json\/wp\/v2\/posts\/53279\/revisions"}],"predecessor-version":[{"id":53282,"href":"https:\/\/tvtecjundiai.com.br\/news\/wp-json\/wp\/v2\/posts\/53279\/revisions\/53282"}],"wp:featuredmedia":[{"embeddable":true,"href":"https:\/\/tvtecjundiai.com.br\/news\/wp-json\/wp\/v2\/media\/53280"}],"wp:attachment":[{"href":"https:\/\/tvtecjundiai.com.br\/news\/wp-json\/wp\/v2\/media?parent=53279"}],"wp:term":[{"taxonomy":"category","embeddable":true,"href":"https:\/\/tvtecjundiai.com.br\/news\/wp-json\/wp\/v2\/categories?post=53279"},{"taxonomy":"post_tag","embeddable":true,"href":"https:\/\/tvtecjundiai.com.br\/news\/wp-json\/wp\/v2\/tags?post=53279"}],"curies":[{"name":"wp","href":"https:\/\/api.w.org\/{rel}","templated":true}]}}