{"id":53407,"date":"2020-04-28T16:33:18","date_gmt":"2020-04-28T19:33:18","guid":{"rendered":"https:\/\/tvtecjundiai.com.br\/news\/?p=53407"},"modified":"2020-04-28T17:05:44","modified_gmt":"2020-04-28T20:05:44","slug":"veja-dicas-para-nao-embacar-as-lentes-enquanto-usa-mascara-1","status":"publish","type":"post","link":"https:\/\/tvtecjundiai.com.br\/news\/2020\/04\/28\/veja-dicas-para-nao-embacar-as-lentes-enquanto-usa-mascara-1\/","title":{"rendered":"Veja dicas para n\u00e3o emba\u00e7ar as lentes enquanto usa m\u00e1scara"},"content":{"rendered":"<div id=\"attachment_53411\" style=\"width: 527px\" class=\"wp-caption alignright\"><a href=\"https:\/\/tvtecjundiai.com.br\/news\/wp-content\/uploads\/sites\/2\/2020\/04\/mascara-e-oculos-embacado-1587492727135_v2_900x506.jpg\"><img loading=\"lazy\" decoding=\"async\" aria-describedby=\"caption-attachment-53411\" class=\"wp-image-53411\" src=\"https:\/\/tvtecjundiai.com.br\/news\/wp-content\/uploads\/sites\/2\/2020\/04\/mascara-e-oculos-embacado-1587492727135_v2_900x506-300x169.jpg\" alt=\"\" width=\"517\" height=\"291\" srcset=\"https:\/\/tvtecjundiai.com.br\/news\/wp-content\/uploads\/sites\/2\/2020\/04\/mascara-e-oculos-embacado-1587492727135_v2_900x506-300x169.jpg 300w, https:\/\/tvtecjundiai.com.br\/news\/wp-content\/uploads\/sites\/2\/2020\/04\/mascara-e-oculos-embacado-1587492727135_v2_900x506-768x432.jpg 768w, https:\/\/tvtecjundiai.com.br\/news\/wp-content\/uploads\/sites\/2\/2020\/04\/mascara-e-oculos-embacado-1587492727135_v2_900x506.jpg 900w\" sizes=\"auto, (max-width: 517px) 100vw, 517px\" \/><\/a><p id=\"caption-attachment-53411\" class=\"wp-caption-text\">S\u00f3 quem tem problema de vista sabe a dificuldade que \u00e9 usar m\u00e1scara e \u00f3culos ao mesmo tempo<\/p><\/div>\n<p>Al\u00e9m da higiene constante das m\u00e3os (com \u00e1gua e sab\u00e3o ou \u00e1lcool em gel), a m\u00e1scara \u2014cir\u00fargica ou caseira\u2014 \u00e9 uma grande aliada para evitar a dissemina\u00e7\u00e3o do v\u00edrus. Se voc\u00ea j\u00e1 providenciou a sua e est\u00e1 tomando os devidos cuidados, parab\u00e9ns.<\/p>\n<p>E se voc\u00ea est\u00e1 no grupo dos cuidadosos e usa \u00f3culos, deve estar pedindo socorro, afinal, as lentes emba\u00e7am. Quando usamos uma m\u00e1scara, o h\u00e1lito quente pode escapar pelas bordas superiores. Quando o ar quente encontra as lentes mais frias, ele cria condensa\u00e7\u00e3o na superf\u00edcie e o aspecto emba\u00e7ado.<\/p>\n<p><strong>Ent\u00e3o, como fa\u00e7o para evitar n\u00e9voa nas lentes?<\/strong><\/p>\n<ul>\n<li><strong>Molde a sua m\u00e1scara:\u00a0<\/strong>se voc\u00ea est\u00e1 usando um modelo de m\u00e1scara cir\u00fargica daquelas descart\u00e1veis, ajuste a tira de metal dobr\u00e1vel no nariz.<\/li>\n<li><strong>Aperte a m\u00e1scara:<\/strong> ajuste os el\u00e1sticos ou la\u00e7os para amarr\u00e1-la para que ela fique bem colada ao seu rosto e evite que o vapor suba.<\/li>\n<li><strong>&#8220;Cole&#8221; sua m\u00e1scara:<\/strong> outra op\u00e7\u00e3o \u00e9 usar fita do tipo esparadrapo ou micropore para colar a parte superior da m\u00e1scara no nariz.<\/li>\n<li><strong>Puxe sua m\u00e1scara:\u00a0<\/strong>uma dica bem f\u00e1cil para o uso di\u00e1rio de m\u00e1scaras \u00e9 usar o peso dos seus \u00f3culos para bloquear o ar. Puxe a m\u00e1scara para cima do nariz o mais alto que puder (verifique se ainda est\u00e1 embaixo do queixo) e deixe seus \u00f3culos descansarem em cima da m\u00e1scara. A\u00ed vai depender, claro, do formato dos seus \u00f3culos.<\/li>\n<li>Como \u00faltimo recurso, voc\u00ea pode tentar empurrar os \u00f3culos para a frente no nariz para permitir que mais ar circule e pare o emba\u00e7amento. A desvantagem \u00e9 que isso pode distorcer sua vis\u00e3o.<\/li>\n<\/ul>\n<p><em>(Fonte\/Foto: Uol)<\/em><\/p>\n","protected":false},"excerpt":{"rendered":"<p>Quando o ar quente encontra as lentes mais frias, ele cria condensa\u00e7\u00e3o na superf\u00edcie e o aspecto emba\u00e7ado<\/p>\n","protected":false},"author":13,"featured_media":53411,"comment_status":"closed","ping_status":"closed","sticky":false,"template":"","format":"standard","meta":{"footnotes":""},"categories":[1],"tags":[1283,6851,6497,6342],"class_list":["post-53407","post","type-post","status-publish","format-standard","has-post-thumbnail","hentry","category-noticias","tag-dicas","tag-lentes-embacadas","tag-mascaras","tag-novo-coronavirus"],"_links":{"self":[{"href":"https:\/\/tvtecjundiai.com.br\/news\/wp-json\/wp\/v2\/posts\/53407","targetHints":{"allow":["GET"]}}],"collection":[{"href":"https:\/\/tvtecjundiai.com.br\/news\/wp-json\/wp\/v2\/posts"}],"about":[{"href":"https:\/\/tvtecjundiai.com.br\/news\/wp-json\/wp\/v2\/types\/post"}],"author":[{"embeddable":true,"href":"https:\/\/tvtecjundiai.com.br\/news\/wp-json\/wp\/v2\/users\/13"}],"replies":[{"embeddable":true,"href":"https:\/\/tvtecjundiai.com.br\/news\/wp-json\/wp\/v2\/comments?post=53407"}],"version-history":[{"count":3,"href":"https:\/\/tvtecjundiai.com.br\/news\/wp-json\/wp\/v2\/posts\/53407\/revisions"}],"predecessor-version":[{"id":53420,"href":"https:\/\/tvtecjundiai.com.br\/news\/wp-json\/wp\/v2\/posts\/53407\/revisions\/53420"}],"wp:featuredmedia":[{"embeddable":true,"href":"https:\/\/tvtecjundiai.com.br\/news\/wp-json\/wp\/v2\/media\/53411"}],"wp:attachment":[{"href":"https:\/\/tvtecjundiai.com.br\/news\/wp-json\/wp\/v2\/media?parent=53407"}],"wp:term":[{"taxonomy":"category","embeddable":true,"href":"https:\/\/tvtecjundiai.com.br\/news\/wp-json\/wp\/v2\/categories?post=53407"},{"taxonomy":"post_tag","embeddable":true,"href":"https:\/\/tvtecjundiai.com.br\/news\/wp-json\/wp\/v2\/tags?post=53407"}],"curies":[{"name":"wp","href":"https:\/\/api.w.org\/{rel}","templated":true}]}}