{"id":53543,"date":"2020-04-29T15:57:57","date_gmt":"2020-04-29T18:57:57","guid":{"rendered":"https:\/\/tvtecjundiai.com.br\/news\/?p=53543"},"modified":"2020-04-29T17:31:24","modified_gmt":"2020-04-29T20:31:24","slug":"chef-prepara-esfirra-sem-recheio-em-forma-de-coracao-para-menina-autista","status":"publish","type":"post","link":"https:\/\/tvtecjundiai.com.br\/news\/2020\/04\/29\/chef-prepara-esfirra-sem-recheio-em-forma-de-coracao-para-menina-autista\/","title":{"rendered":"Chef prepara esfirra sem recheio em forma de cora\u00e7\u00e3o para menina autista"},"content":{"rendered":"<div id=\"attachment_53547\" style=\"width: 386px\" class=\"wp-caption alignright\"><a href=\"https:\/\/tvtecjundiai.com.br\/news\/wp-content\/uploads\/sites\/2\/2020\/04\/1588186418433648.jpg\"><img loading=\"lazy\" decoding=\"async\" aria-describedby=\"caption-attachment-53547\" class=\"wp-image-53547\" src=\"https:\/\/tvtecjundiai.com.br\/news\/wp-content\/uploads\/sites\/2\/2020\/04\/1588186418433648-300x228.jpg\" alt=\"\" width=\"376\" height=\"286\" srcset=\"https:\/\/tvtecjundiai.com.br\/news\/wp-content\/uploads\/sites\/2\/2020\/04\/1588186418433648-300x228.jpg 300w, https:\/\/tvtecjundiai.com.br\/news\/wp-content\/uploads\/sites\/2\/2020\/04\/1588186418433648.jpg 670w\" sizes=\"auto, (max-width: 376px) 100vw, 376px\" \/><\/a><p id=\"caption-attachment-53547\" class=\"wp-caption-text\">Giovana de 5 anos, tem\u00a0seletividade alimentar, uma caracter\u00edstica comum para quem tem TEA<\/p><\/div>\n<p>Era apenas mais um dia de trabalho para Gabriel Pires, chef de cozinha de uma filial do Habib\u2019s em Recreio dos Bandeirantes, no Rio de Janeiro (RJ), quando ele recebeu um pedido diferenciado via delivery.<\/p>\n<p>\u201cBem na hora do pico do movimento hoje me saiu essa comanda, na qual mexeu muito com meu cora\u00e7\u00e3o [\u2026] A cliente havia pedido umas esfirras e uma Coca-Cola como qualquer cliente, mas ali tinha uma observa\u00e7\u00e3o que se poss\u00edvel,\u00a0para mandar uma esfirra sem recheio para sua filha que tem\u00a0autismo\u201c, contou Gabriel em um post no Instagram.<\/p>\n<p>A pequena Giovana, 5 anos, tem\u00a0seletividade alimentar, uma caracter\u00edstica muito comum para quem tem o Transtorno do Espectro Autista (TEA). De acordo com o chef, outras pessoas ignoraram o pedido em restaurantes anteriores. Ele, no entanto, se comprometeu a fazer diferente.\u00a0 \u201cEu, como chefe de cozinha, e acima de tudo,\u00a0pai, fiquei comovido e parei tudo que estava fazendo para satisfazer a vontade daquela crian\u00e7a e atender o pedido daquela m\u00e3ezinha\u201d, afirmou.<\/p>\n<p>Ao final, Gabriel mandou o pedido completo, sem qualquer altera\u00e7\u00e3o, com as esfirras sem recheio e um b\u00f4nus. \u201cMandei duas massas a mais de esfirra em forma de cora\u00e7\u00e3o para aquela crian\u00e7a e sua fam\u00edlia\u201c, disse.\u00a0Sua atitude foi bastante elogiada nas redes sociais, onde os usu\u00e1rios exaltaram a\u00a0sensibilidade e empatia\u00a0do chef para agradar sua pequena cliente\u00a0e seus pais.<\/p>\n<p>A fam\u00edlia de Giovana far\u00e1 uma live entre o chef Gabriel e a menina nesta quarta (29), \u00e0s 20h, no Instagram. Para acompanh\u00e1-los e saber mais,\u00a0<a href=\"https:\/\/www.instagram.com\/bielgp2\/\" target=\"_blank\" rel=\"noopener noreferrer\"><strong>clique aqui<\/strong><\/a>.<\/p>\n<p><em>(Fonte: Raz\u00f5es Para Acreditar\/Foto: Reprodu\u00e7\u00e3o Facebook)<\/em><\/p>\n","protected":false},"excerpt":{"rendered":"<p>Giovana de 5 anos, tem\u00a0seletividade alimentar, uma caracter\u00edstica comum para quem tem TEA <\/p>\n","protected":false},"author":13,"featured_media":53548,"comment_status":"closed","ping_status":"closed","sticky":false,"template":"","format":"standard","meta":{"footnotes":""},"categories":[3076,1],"tags":[],"class_list":["post-53543","post","type-post","status-publish","format-standard","has-post-thumbnail","hentry","category-entretenimento","category-noticias"],"_links":{"self":[{"href":"https:\/\/tvtecjundiai.com.br\/news\/wp-json\/wp\/v2\/posts\/53543","targetHints":{"allow":["GET"]}}],"collection":[{"href":"https:\/\/tvtecjundiai.com.br\/news\/wp-json\/wp\/v2\/posts"}],"about":[{"href":"https:\/\/tvtecjundiai.com.br\/news\/wp-json\/wp\/v2\/types\/post"}],"author":[{"embeddable":true,"href":"https:\/\/tvtecjundiai.com.br\/news\/wp-json\/wp\/v2\/users\/13"}],"replies":[{"embeddable":true,"href":"https:\/\/tvtecjundiai.com.br\/news\/wp-json\/wp\/v2\/comments?post=53543"}],"version-history":[{"count":2,"href":"https:\/\/tvtecjundiai.com.br\/news\/wp-json\/wp\/v2\/posts\/53543\/revisions"}],"predecessor-version":[{"id":53583,"href":"https:\/\/tvtecjundiai.com.br\/news\/wp-json\/wp\/v2\/posts\/53543\/revisions\/53583"}],"wp:featuredmedia":[{"embeddable":true,"href":"https:\/\/tvtecjundiai.com.br\/news\/wp-json\/wp\/v2\/media\/53548"}],"wp:attachment":[{"href":"https:\/\/tvtecjundiai.com.br\/news\/wp-json\/wp\/v2\/media?parent=53543"}],"wp:term":[{"taxonomy":"category","embeddable":true,"href":"https:\/\/tvtecjundiai.com.br\/news\/wp-json\/wp\/v2\/categories?post=53543"},{"taxonomy":"post_tag","embeddable":true,"href":"https:\/\/tvtecjundiai.com.br\/news\/wp-json\/wp\/v2\/tags?post=53543"}],"curies":[{"name":"wp","href":"https:\/\/api.w.org\/{rel}","templated":true}]}}