{"id":53605,"date":"2020-04-30T08:43:05","date_gmt":"2020-04-30T11:43:05","guid":{"rendered":"https:\/\/tvtecjundiai.com.br\/news\/?p=53605"},"modified":"2020-04-30T11:22:45","modified_gmt":"2020-04-30T14:22:45","slug":"alunos-da-fmj-realizam-campanha-para-ajudar-o-hospital-sao-vicente","status":"publish","type":"post","link":"https:\/\/tvtecjundiai.com.br\/news\/2020\/04\/30\/alunos-da-fmj-realizam-campanha-para-ajudar-o-hospital-sao-vicente\/","title":{"rendered":"Alunos da FMJ realizam campanha para ajudar o Hospital S\u00e3o Vicente"},"content":{"rendered":"<div class=\"\" data-block=\"true\" data-editor=\"ch1tk\" data-offset-key=\"58pal-0-0\">\n<div data-offset-key=\"58pal-0-0\">\n<p><a href=\"https:\/\/tvtecjundiai.com.br\/news\/wp-content\/uploads\/sites\/2\/2020\/04\/whatsapp-image-2020-04-24-at-14-58-43.jpeg\"><img loading=\"lazy\" decoding=\"async\" class=\"wp-image-53606 alignleft\" src=\"https:\/\/tvtecjundiai.com.br\/news\/wp-content\/uploads\/sites\/2\/2020\/04\/whatsapp-image-2020-04-24-at-14-58-43-300x300.jpeg\" alt=\"\" width=\"346\" height=\"346\" srcset=\"https:\/\/tvtecjundiai.com.br\/news\/wp-content\/uploads\/sites\/2\/2020\/04\/whatsapp-image-2020-04-24-at-14-58-43-300x300.jpeg 300w, https:\/\/tvtecjundiai.com.br\/news\/wp-content\/uploads\/sites\/2\/2020\/04\/whatsapp-image-2020-04-24-at-14-58-43-100x100.jpeg 100w, https:\/\/tvtecjundiai.com.br\/news\/wp-content\/uploads\/sites\/2\/2020\/04\/whatsapp-image-2020-04-24-at-14-58-43-768x768.jpeg 768w, https:\/\/tvtecjundiai.com.br\/news\/wp-content\/uploads\/sites\/2\/2020\/04\/whatsapp-image-2020-04-24-at-14-58-43-960x960.jpeg 960w, https:\/\/tvtecjundiai.com.br\/news\/wp-content\/uploads\/sites\/2\/2020\/04\/whatsapp-image-2020-04-24-at-14-58-43.jpeg 1080w\" sizes=\"auto, (max-width: 346px) 100vw, 346px\" \/><\/a><\/p>\n<\/div>\n<p class=\"_1mf _1mj\" data-offset-key=\"58pal-0-0\">A Associa\u00e7\u00e3o Atl\u00e9tica Acad\u00eamica, Diret\u00f3rio Acad\u00eamico Prof. Alphonso Bovero e a Associa\u00e7\u00e3o de Ex-Alunos da Faculdade de Medicina de Jundia\u00ed criaram uma a\u00e7\u00e3o para arrecadar fundos e contribuir no combate \u00e0 covid-19.<\/p>\n<p class=\"_1mf _1mj\" data-offset-key=\"58pal-0-0\">Por meio da plataforma digital Benfeitoria o grupo lan\u00e7ou uma campanha que ter\u00e1 todo o valor arrecadado revertido para o Hospital de Caridade S\u00e3o Vicente de Paulo. O objetivo \u00e9 adquirir Equipamentos de Prote\u00e7\u00e3o Individual (EPIs) e outros materiais que auxiliem no enfrentamento \u00e0 pandemia.<\/p>\n<\/div>\n<div class=\"_1mf _1mj\" data-offset-key=\"1sv7r-0-0\"><span data-offset-key=\"1sv7r-0-0\">A a\u00e7\u00e3o j\u00e1 conseguiu captar R$ 3.165,00, com a ajuda de 44 \u201cbenfeitores\u201d. A campanha vai at\u00e9 o dia 06 de maio, portanto, ainda d\u00e1 tempo de colaborar. Segue o link para saber mais: <\/span><a href=\"https:\/\/benfeitoria.com\/medicina-jundiai-contra-a-covid-19-eps?ref=benfeitoria-pesquisa-projetos\">https:\/\/benfeitoria.com\/medicina-jundiai-contra-a-covid-19-eps?ref=benfeitoria-pesquisa-projetos<\/a>.<\/div>\n<p data-offset-key=\"3cg65-0-0\"><em>(Fonte\/Foto: Prefeitura de Jundia\u00ed)<\/em><\/p>\n","protected":false},"excerpt":{"rendered":"<p>A a\u00e7\u00e3o que vai at\u00e9 o dia 6 de maio, j\u00e1 conseguiu captar R$ 3.165,00 <\/p>\n","protected":false},"author":13,"featured_media":45209,"comment_status":"closed","ping_status":"closed","sticky":false,"template":"","format":"standard","meta":{"footnotes":""},"categories":[2834,29,1,2839],"tags":[6512,409,1512,5],"class_list":["post-53605","post","type-post","status-publish","format-standard","has-post-thumbnail","hentry","category-cidades","category-destaque","category-noticias","category-saude","tag-covid-19","tag-fmj","tag-hospital-sao-vicente","tag-jundiai"],"_links":{"self":[{"href":"https:\/\/tvtecjundiai.com.br\/news\/wp-json\/wp\/v2\/posts\/53605","targetHints":{"allow":["GET"]}}],"collection":[{"href":"https:\/\/tvtecjundiai.com.br\/news\/wp-json\/wp\/v2\/posts"}],"about":[{"href":"https:\/\/tvtecjundiai.com.br\/news\/wp-json\/wp\/v2\/types\/post"}],"author":[{"embeddable":true,"href":"https:\/\/tvtecjundiai.com.br\/news\/wp-json\/wp\/v2\/users\/13"}],"replies":[{"embeddable":true,"href":"https:\/\/tvtecjundiai.com.br\/news\/wp-json\/wp\/v2\/comments?post=53605"}],"version-history":[{"count":5,"href":"https:\/\/tvtecjundiai.com.br\/news\/wp-json\/wp\/v2\/posts\/53605\/revisions"}],"predecessor-version":[{"id":53640,"href":"https:\/\/tvtecjundiai.com.br\/news\/wp-json\/wp\/v2\/posts\/53605\/revisions\/53640"}],"wp:featuredmedia":[{"embeddable":true,"href":"https:\/\/tvtecjundiai.com.br\/news\/wp-json\/wp\/v2\/media\/45209"}],"wp:attachment":[{"href":"https:\/\/tvtecjundiai.com.br\/news\/wp-json\/wp\/v2\/media?parent=53605"}],"wp:term":[{"taxonomy":"category","embeddable":true,"href":"https:\/\/tvtecjundiai.com.br\/news\/wp-json\/wp\/v2\/categories?post=53605"},{"taxonomy":"post_tag","embeddable":true,"href":"https:\/\/tvtecjundiai.com.br\/news\/wp-json\/wp\/v2\/tags?post=53605"}],"curies":[{"name":"wp","href":"https:\/\/api.w.org\/{rel}","templated":true}]}}