{"id":53633,"date":"2020-04-30T11:21:47","date_gmt":"2020-04-30T14:21:47","guid":{"rendered":"https:\/\/tvtecjundiai.com.br\/news\/?p=53633"},"modified":"2020-04-30T11:21:47","modified_gmt":"2020-04-30T14:21:47","slug":"facebook-lanca-reacoes-de-afeto-em-meio-ao-isolamento-social","status":"publish","type":"post","link":"https:\/\/tvtecjundiai.com.br\/news\/2020\/04\/30\/facebook-lanca-reacoes-de-afeto-em-meio-ao-isolamento-social\/","title":{"rendered":"Facebook lan\u00e7a rea\u00e7\u00f5es de afeto em meio ao isolamento social"},"content":{"rendered":"<div id=\"attachment_53635\" style=\"width: 444px\" class=\"wp-caption alignright\"><a href=\"https:\/\/tvtecjundiai.com.br\/news\/wp-content\/uploads\/sites\/2\/2020\/04\/reacoes-coronavirus-facebook-17153216531514.jpg\"><img loading=\"lazy\" decoding=\"async\" aria-describedby=\"caption-attachment-53635\" class=\"wp-image-53635\" src=\"https:\/\/tvtecjundiai.com.br\/news\/wp-content\/uploads\/sites\/2\/2020\/04\/reacoes-coronavirus-facebook-17153216531514-300x200.jpg\" alt=\"\" width=\"434\" height=\"289\" srcset=\"https:\/\/tvtecjundiai.com.br\/news\/wp-content\/uploads\/sites\/2\/2020\/04\/reacoes-coronavirus-facebook-17153216531514-300x200.jpg 300w, https:\/\/tvtecjundiai.com.br\/news\/wp-content\/uploads\/sites\/2\/2020\/04\/reacoes-coronavirus-facebook-17153216531514.jpg 704w\" sizes=\"auto, (max-width: 434px) 100vw, 434px\" \/><\/a><p id=\"caption-attachment-53635\" class=\"wp-caption-text\">Esta \u00e9 a primeira atualiza\u00e7\u00e3o nas rea\u00e7\u00f5es originais desde 2016, quando foram lan\u00e7adas.<\/p><\/div>\n<p dir=\"ltr\">O Facebook lan\u00e7ou na sexta-feira (17) duas novas rea\u00e7\u00f5es na rede social e no Messenger em resposta ao\u00a0novo coronav\u00edrus (Sars-Cov-2) e \u00e0 covid-19. A ideia \u00e9 dar \u00e0s pessoas mais uma forma de interagir com outras de forma positiva durante o per\u00edodo de isolamento social. Alexandru Voica, gerente de comunica\u00e7\u00e3o para Europa, Oriente M\u00e9dio e \u00c1frica (EMEA), comentou que a novidade vem &#8220;como uma maneira de as pessoas compartilharem seu apoio umas com as outras durante esse per\u00edodo sem precedentes.&#8221;<\/p>\n<p dir=\"ltr\">As rea\u00e7\u00f5es se juntam \u00e0s seis j\u00e1 existentes, sendo uma para o Facebook e outra para o Messenger. No Facebook, os usu\u00e1rios contar\u00e3o com a nova rea\u00e7\u00e3o de &#8220;for\u00e7a&#8221;, que \u00e9 um emoji abra\u00e7ando um cora\u00e7\u00e3o. No Messenger, usu\u00e1rios agora contam com uma nova vers\u00e3o da rea\u00e7\u00e3o de cora\u00e7\u00e3o, que agora \u00e9 roxo e parece pulsar.<\/p>\n<p dir=\"ltr\">Para usar a nova rea\u00e7\u00e3o de cora\u00e7\u00e3o no Messenger, Voica cita que basta tocar e pressionar no \u00edcone para ver a vers\u00e3o atualizada. Se o usu\u00e1rio preferir a vers\u00e3o tradicional, o processo \u00e9 o mesmo de tocar e pressionar no \u00edcone. Em entrevista ao\u00a0<em>The National<\/em>, a chefe do aplicativo do Facebook, Fidji Simo, disse que esta \u00e9 a primeira atualiza\u00e7\u00e3o nas rea\u00e7\u00f5es originais desde 2016, quando foram lan\u00e7adas.<\/p>\n<p dir=\"ltr\">Simo comenta sobre o contexto das rea\u00e7\u00f5es, e que foram lan\u00e7adas para demonstrar como as pessoas se sentiam. Nos tempos de hoje, ela explica que &#8220;muitas pessoas recorrem a plataformas como o Facebook e o Messenger&#8221; para demonstrar seus sentimentos.<\/p>\n<p dir=\"ltr\"><em>(Fonte: Tecmundo\/Foto: Reprodu\u00e7\u00e3o)<\/em><\/p>\n","protected":false},"excerpt":{"rendered":"<p>Esta \u00e9 a primeira atualiza\u00e7\u00e3o nas rea\u00e7\u00f5es originais desde 2016, quando foram lan\u00e7adas<\/p>\n","protected":false},"author":13,"featured_media":53635,"comment_status":"closed","ping_status":"closed","sticky":false,"template":"","format":"standard","meta":{"footnotes":""},"categories":[2836,1,2835],"tags":[237,6883],"class_list":["post-53633","post","type-post","status-publish","format-standard","has-post-thumbnail","hentry","category-informatica","category-noticias","category-tecnologia","tag-facebook","tag-reacoes"],"_links":{"self":[{"href":"https:\/\/tvtecjundiai.com.br\/news\/wp-json\/wp\/v2\/posts\/53633","targetHints":{"allow":["GET"]}}],"collection":[{"href":"https:\/\/tvtecjundiai.com.br\/news\/wp-json\/wp\/v2\/posts"}],"about":[{"href":"https:\/\/tvtecjundiai.com.br\/news\/wp-json\/wp\/v2\/types\/post"}],"author":[{"embeddable":true,"href":"https:\/\/tvtecjundiai.com.br\/news\/wp-json\/wp\/v2\/users\/13"}],"replies":[{"embeddable":true,"href":"https:\/\/tvtecjundiai.com.br\/news\/wp-json\/wp\/v2\/comments?post=53633"}],"version-history":[{"count":1,"href":"https:\/\/tvtecjundiai.com.br\/news\/wp-json\/wp\/v2\/posts\/53633\/revisions"}],"predecessor-version":[{"id":53638,"href":"https:\/\/tvtecjundiai.com.br\/news\/wp-json\/wp\/v2\/posts\/53633\/revisions\/53638"}],"wp:featuredmedia":[{"embeddable":true,"href":"https:\/\/tvtecjundiai.com.br\/news\/wp-json\/wp\/v2\/media\/53635"}],"wp:attachment":[{"href":"https:\/\/tvtecjundiai.com.br\/news\/wp-json\/wp\/v2\/media?parent=53633"}],"wp:term":[{"taxonomy":"category","embeddable":true,"href":"https:\/\/tvtecjundiai.com.br\/news\/wp-json\/wp\/v2\/categories?post=53633"},{"taxonomy":"post_tag","embeddable":true,"href":"https:\/\/tvtecjundiai.com.br\/news\/wp-json\/wp\/v2\/tags?post=53633"}],"curies":[{"name":"wp","href":"https:\/\/api.w.org\/{rel}","templated":true}]}}