{"id":53950,"date":"2020-05-04T15:09:04","date_gmt":"2020-05-04T18:09:04","guid":{"rendered":"https:\/\/tvtecjundiai.com.br\/news\/?p=53950"},"modified":"2020-05-04T15:25:57","modified_gmt":"2020-05-04T18:25:57","slug":"pesquisadores-dizem-que-e-cedo-para-o-brasil-sair-da-quarentena","status":"publish","type":"post","link":"https:\/\/tvtecjundiai.com.br\/news\/2020\/05\/04\/pesquisadores-dizem-que-e-cedo-para-o-brasil-sair-da-quarentena\/","title":{"rendered":"Pesquisadores dizem que \u00e9 cedo para o Brasil sair da quarentena"},"content":{"rendered":"<p>As medidas adotadas por governadores e prefeitos para conter o avan\u00e7o do coronav\u00edrus se revelaram insuficientes para assegurar o grau de isolamento social necess\u00e1rio para frear o cont\u00e1gio da popula\u00e7\u00e3o, de acordo com um grupo de pesquisadores ligados \u00e0 Universidade de S\u00e3o Paulo (USP).<\/p>\n<p><img loading=\"lazy\" decoding=\"async\" class=\" wp-image-53953 alignright\" src=\"https:\/\/tvtecjundiai.com.br\/news\/wp-content\/uploads\/sites\/2\/2020\/05\/cedodemaissalva-300x169.jpg\" alt=\"\" width=\"471\" height=\"265\" srcset=\"https:\/\/tvtecjundiai.com.br\/news\/wp-content\/uploads\/sites\/2\/2020\/05\/cedodemaissalva-300x169.jpg 300w, https:\/\/tvtecjundiai.com.br\/news\/wp-content\/uploads\/sites\/2\/2020\/05\/cedodemaissalva-768x432.jpg 768w, https:\/\/tvtecjundiai.com.br\/news\/wp-content\/uploads\/sites\/2\/2020\/05\/cedodemaissalva-1200x675.jpg 1200w, https:\/\/tvtecjundiai.com.br\/news\/wp-content\/uploads\/sites\/2\/2020\/05\/cedodemaissalva.jpg 1280w\" sizes=\"auto, (max-width: 471px) 100vw, 471px\" \/><\/p>\n<p>Na avalia\u00e7\u00e3o dos especialistas, a falta de determina\u00e7\u00e3o das autoridades e as disputas pol\u00edticas entre as v\u00e1rias esferas de governo envolvidas com o controle da pandemia t\u00eam contribu\u00eddo para o descumprimento das medidas tomadas para reduzir a circula\u00e7\u00e3o de pessoas e aglomera\u00e7\u00f5es nas ruas.<\/p>\n<p>Dados analisados pelos pesquisadores mostram que a ades\u00e3o da popula\u00e7\u00e3o \u00e0 quarentena foi maior em pa\u00edses europeus que adotaram medidas mais rigorosas do que as postas em pr\u00e1tica no Brasil, como a Espanha e a It\u00e1lia, onde a Covid-19 matou dezenas de milhares de pessoas nos \u00faltimos meses.<\/p>\n<p>&#8216;A experi\u00eancia internacional tem mostrado que a persist\u00eancia na implementa\u00e7\u00e3o dessas medidas \u00e9 essencial para controlar a transmiss\u00e3o do v\u00edrus e evitar o colapso dos sistemas de sa\u00fade p\u00fablica&#8217;, afirma a cientista pol\u00edtica Lorena Barberia, coordenadora do grupo e uma das respons\u00e1veis pelo novo estudo.<\/p>\n<p>A maioria dos estados brasileiros adotou medidas dr\u00e1sticas em mar\u00e7o, quando ainda havia poucos casos confirmados de infec\u00e7\u00e3o pelo novo coronav\u00edrus. Todos fecharam escolas e estabelecimentos comerciais, proibiram aglomera\u00e7\u00f5es e recomendaram \u00e0s pessoas que ficassem em casa para se proteger.<\/p>\n<p>A paralisia de muitas atividades econ\u00f4micas tem alimentado press\u00f5es pelo relaxamento das medidas. Nas \u00faltimas semanas, governadores de pelo menos nove estados permitiram a reabertura do com\u00e9rcio em setores n\u00e3o essenciais, e cinco reduziram restri\u00e7\u00f5es a aglomera\u00e7\u00f5es, segundo o estudo.<\/p>\n<p>&#8216;Muitas pessoas veem o aumento do n\u00famero de casos confirmados e mortes no Brasil como prova de que o isolamento n\u00e3o ajudou a controlar a doen\u00e7a, mas a verdade \u00e9 que muitas autoridades t\u00eam transmitido mensagens confusas e isso contribui para que a ades\u00e3o da popula\u00e7\u00e3o \u00e0 quarentena diminua&#8217;, diz Barberia.<\/p>\n<p>Para comparar as medidas adotadas e seus efeitos no Brasil e em outros pa\u00edses, os pesquisadores usaram informa\u00e7\u00f5es reunidas por um grupo da Universidade de Oxford que monitora pol\u00edticas de combate ao coronav\u00edrus no mundo inteiro e dados do Google sobre a circula\u00e7\u00e3o de pessoas nas ruas.<\/p>\n<p>O grupo de Oxford criou um \u00edndice para avaliar o grau de rigidez das pol\u00edticas, que varia numa escala de 0 a 100. Quanto maior o n\u00famero, maior o rigor das medidas. Os pesquisadores brasileiros ajustaram os n\u00fameros para que refletissem tamb\u00e9m o empenho dos governos na implementa\u00e7\u00e3o das restri\u00e7\u00f5es.<\/p>\n<p><em>(Fonte: Sele\u00e7\u00f5es\/Imagem: iStock)<\/em><\/p>\n<p>&nbsp;<\/p>\n","protected":false},"excerpt":{"rendered":"<p>As medidas adotadas se revelaram insuficientes <\/p>\n","protected":false},"author":18,"featured_media":0,"comment_status":"closed","ping_status":"closed","sticky":false,"template":"","format":"standard","meta":{"footnotes":""},"categories":[1],"tags":[6602,6242,6512,6456],"class_list":["post-53950","post","type-post","status-publish","format-standard","hentry","category-noticias","tag-aglomeracoes","tag-coronavirus","tag-covid-19","tag-quarentena"],"_links":{"self":[{"href":"https:\/\/tvtecjundiai.com.br\/news\/wp-json\/wp\/v2\/posts\/53950","targetHints":{"allow":["GET"]}}],"collection":[{"href":"https:\/\/tvtecjundiai.com.br\/news\/wp-json\/wp\/v2\/posts"}],"about":[{"href":"https:\/\/tvtecjundiai.com.br\/news\/wp-json\/wp\/v2\/types\/post"}],"author":[{"embeddable":true,"href":"https:\/\/tvtecjundiai.com.br\/news\/wp-json\/wp\/v2\/users\/18"}],"replies":[{"embeddable":true,"href":"https:\/\/tvtecjundiai.com.br\/news\/wp-json\/wp\/v2\/comments?post=53950"}],"version-history":[{"count":2,"href":"https:\/\/tvtecjundiai.com.br\/news\/wp-json\/wp\/v2\/posts\/53950\/revisions"}],"predecessor-version":[{"id":53961,"href":"https:\/\/tvtecjundiai.com.br\/news\/wp-json\/wp\/v2\/posts\/53950\/revisions\/53961"}],"wp:attachment":[{"href":"https:\/\/tvtecjundiai.com.br\/news\/wp-json\/wp\/v2\/media?parent=53950"}],"wp:term":[{"taxonomy":"category","embeddable":true,"href":"https:\/\/tvtecjundiai.com.br\/news\/wp-json\/wp\/v2\/categories?post=53950"},{"taxonomy":"post_tag","embeddable":true,"href":"https:\/\/tvtecjundiai.com.br\/news\/wp-json\/wp\/v2\/tags?post=53950"}],"curies":[{"name":"wp","href":"https:\/\/api.w.org\/{rel}","templated":true}]}}