{"id":54233,"date":"2020-05-06T11:18:55","date_gmt":"2020-05-06T14:18:55","guid":{"rendered":"https:\/\/tvtecjundiai.com.br\/news\/?p=54233"},"modified":"2020-05-06T12:01:40","modified_gmt":"2020-05-06T15:01:40","slug":"samsung-doa-r-5-milhoes-para-ajudar-no-combate-a-covid-19-no-brasil-1","status":"publish","type":"post","link":"https:\/\/tvtecjundiai.com.br\/news\/2020\/05\/06\/samsung-doa-r-5-milhoes-para-ajudar-no-combate-a-covid-19-no-brasil-1\/","title":{"rendered":"Samsung doa R$ 5 milh\u00f5es para ajudar no combate a Covid-19 no Brasil"},"content":{"rendered":"<p>Diante dos esfor\u00e7os generalizados no combate \u00e0 dissemina\u00e7\u00e3o da Covid-19, a Samsung Brasil anunciou a doa\u00e7\u00e3o de R$ 5 milh\u00f5es para o poder p\u00fablico brasileiro. O valor inclui doa\u00e7\u00f5es para o Governo Federal, Governo do Estado de S\u00e3o Paulo e o Governo do Estado do Amazonas.<\/p>\n<div id=\"attachment_54235\" style=\"width: 501px\" class=\"wp-caption alignright\"><a href=\"https:\/\/tvtecjundiai.com.br\/news\/wp-content\/uploads\/sites\/2\/2020\/05\/samsung-doacao-ajuda-combate-covid19-brasil-2-630x420.jpg\"><img loading=\"lazy\" decoding=\"async\" aria-describedby=\"caption-attachment-54235\" class=\"wp-image-54235\" src=\"https:\/\/tvtecjundiai.com.br\/news\/wp-content\/uploads\/sites\/2\/2020\/05\/samsung-doacao-ajuda-combate-covid19-brasil-2-630x420-300x200.jpg\" alt=\"\" width=\"491\" height=\"327\" srcset=\"https:\/\/tvtecjundiai.com.br\/news\/wp-content\/uploads\/sites\/2\/2020\/05\/samsung-doacao-ajuda-combate-covid19-brasil-2-630x420-300x200.jpg 300w, https:\/\/tvtecjundiai.com.br\/news\/wp-content\/uploads\/sites\/2\/2020\/05\/samsung-doacao-ajuda-combate-covid19-brasil-2-630x420.jpg 630w\" sizes=\"auto, (max-width: 491px) 100vw, 491px\" \/><\/a><p id=\"caption-attachment-54235\" class=\"wp-caption-text\">A entrega das doa\u00e7\u00f5es teve in\u00edcio na \u00faltima semana e vai acontecer conforme a disponibilidade dos itens.<\/p><\/div>\n<p>A a\u00e7\u00e3o para o Governo Federal inclui a doa\u00e7\u00e3o de tablets, notebooks e kit de testes r\u00e1pidos que ser\u00e3o distribu\u00eddos, pelo Minist\u00e9rio da Sa\u00fade, entre as unidades de sa\u00fade do pa\u00eds dedicadas ao tratamento da Covid-19.<\/p>\n<p>Para o Governo do Estado de S\u00e3o Paulo, a doa\u00e7\u00e3o consistir\u00e1 na disponibiliza\u00e7\u00e3o de testes r\u00e1pidos da Covid-19 para a Secretaria Estadual da Sa\u00fade e a entrega de tablets, TVs e notebooks para o Hospital das Cl\u00ednicas, de S\u00e3o Paulo.<\/p>\n<p>Al\u00e9m disso, em Campinas, cidade em que est\u00e1 situada uma de suas f\u00e1bricas, a empresa disponibilizou m\u00e1scaras para a Prefeitura local distribuir entre suas unidades de sa\u00fade. Em Manaus, onde a companhia tamb\u00e9m tem uma unidade fabril, tamb\u00e9m doar\u00e1 testes kits e tablets para o Governo local, que ir\u00e1 distribu\u00ed-los entre as unidades de sa\u00fade dedicadas ao tratamento da Covid-19.<\/p>\n<p>A a\u00e7\u00e3o visa dar suporte ao sistema de sa\u00fade e conectar pacientes a seus familiares e amigos durante o per\u00edodo de isolamento social. A entrega das doa\u00e7\u00f5es teve in\u00edcio na \u00faltima semana e vai acontecer conforme a disponibilidade dos itens.<\/p>\n<p><em>(Fonte: Raz\u00f5es Para Acreditar\/Foto: Divulga\u00e7\u00e3o)<\/em><\/p>\n","protected":false},"excerpt":{"rendered":"<p>A a\u00e7\u00e3o visa dar suporte ao sistema de sa\u00fade e conectar pacientes a seus familiares <\/p>\n","protected":false},"author":13,"featured_media":54235,"comment_status":"closed","ping_status":"closed","sticky":false,"template":"","format":"standard","meta":{"footnotes":""},"categories":[1],"tags":[1903,6512,573,413],"class_list":["post-54233","post","type-post","status-publish","format-standard","has-post-thumbnail","hentry","category-noticias","tag-brasil","tag-covid-19","tag-doacoes","tag-samsung"],"_links":{"self":[{"href":"https:\/\/tvtecjundiai.com.br\/news\/wp-json\/wp\/v2\/posts\/54233","targetHints":{"allow":["GET"]}}],"collection":[{"href":"https:\/\/tvtecjundiai.com.br\/news\/wp-json\/wp\/v2\/posts"}],"about":[{"href":"https:\/\/tvtecjundiai.com.br\/news\/wp-json\/wp\/v2\/types\/post"}],"author":[{"embeddable":true,"href":"https:\/\/tvtecjundiai.com.br\/news\/wp-json\/wp\/v2\/users\/13"}],"replies":[{"embeddable":true,"href":"https:\/\/tvtecjundiai.com.br\/news\/wp-json\/wp\/v2\/comments?post=54233"}],"version-history":[{"count":4,"href":"https:\/\/tvtecjundiai.com.br\/news\/wp-json\/wp\/v2\/posts\/54233\/revisions"}],"predecessor-version":[{"id":54246,"href":"https:\/\/tvtecjundiai.com.br\/news\/wp-json\/wp\/v2\/posts\/54233\/revisions\/54246"}],"wp:featuredmedia":[{"embeddable":true,"href":"https:\/\/tvtecjundiai.com.br\/news\/wp-json\/wp\/v2\/media\/54235"}],"wp:attachment":[{"href":"https:\/\/tvtecjundiai.com.br\/news\/wp-json\/wp\/v2\/media?parent=54233"}],"wp:term":[{"taxonomy":"category","embeddable":true,"href":"https:\/\/tvtecjundiai.com.br\/news\/wp-json\/wp\/v2\/categories?post=54233"},{"taxonomy":"post_tag","embeddable":true,"href":"https:\/\/tvtecjundiai.com.br\/news\/wp-json\/wp\/v2\/tags?post=54233"}],"curies":[{"name":"wp","href":"https:\/\/api.w.org\/{rel}","templated":true}]}}