{"id":54290,"date":"2020-05-06T15:29:08","date_gmt":"2020-05-06T18:29:08","guid":{"rendered":"https:\/\/tvtecjundiai.com.br\/news\/?p=54290"},"modified":"2020-05-06T15:29:08","modified_gmt":"2020-05-06T18:29:08","slug":"voluntarios-realizam-bazar-solidario-virtual-em-prol-do-grendacc-jundiai","status":"publish","type":"post","link":"https:\/\/tvtecjundiai.com.br\/news\/2020\/05\/06\/voluntarios-realizam-bazar-solidario-virtual-em-prol-do-grendacc-jundiai\/","title":{"rendered":"Volunt\u00e1rios realizam bazar solid\u00e1rio virtual em prol do Grendacc Jundia\u00ed"},"content":{"rendered":"<div id=\"attachment_54294\" style=\"width: 412px\" class=\"wp-caption alignright\"><a href=\"https:\/\/tvtecjundiai.com.br\/news\/wp-content\/uploads\/sites\/2\/2020\/05\/whatsapp-image-2020-05-05-at-10.39.48.jpeg\"><img loading=\"lazy\" decoding=\"async\" aria-describedby=\"caption-attachment-54294\" class=\"wp-image-54294\" src=\"https:\/\/tvtecjundiai.com.br\/news\/wp-content\/uploads\/sites\/2\/2020\/05\/whatsapp-image-2020-05-05-at-10.39.48-300x300.jpeg\" alt=\"\" width=\"402\" height=\"402\" srcset=\"https:\/\/tvtecjundiai.com.br\/news\/wp-content\/uploads\/sites\/2\/2020\/05\/whatsapp-image-2020-05-05-at-10.39.48-300x300.jpeg 300w, https:\/\/tvtecjundiai.com.br\/news\/wp-content\/uploads\/sites\/2\/2020\/05\/whatsapp-image-2020-05-05-at-10.39.48-100x100.jpeg 100w, https:\/\/tvtecjundiai.com.br\/news\/wp-content\/uploads\/sites\/2\/2020\/05\/whatsapp-image-2020-05-05-at-10.39.48-768x768.jpeg 768w, https:\/\/tvtecjundiai.com.br\/news\/wp-content\/uploads\/sites\/2\/2020\/05\/whatsapp-image-2020-05-05-at-10.39.48-960x960.jpeg 960w, https:\/\/tvtecjundiai.com.br\/news\/wp-content\/uploads\/sites\/2\/2020\/05\/whatsapp-image-2020-05-05-at-10.39.48.jpeg 1000w\" sizes=\"auto, (max-width: 402px) 100vw, 402px\" \/><\/a><p id=\"caption-attachment-54294\" class=\"wp-caption-text\">Evento virtual \u00e9 realizado por meio de grupos no WhatsApp at\u00e9 esta quinta-feira (7)<\/p><\/div>\n<p>Por conta da pandemia do coronav\u00edrus, o Grupo em Defesa da Crian\u00e7a com C\u00e2ncer (Grendacc)\u00a0perdeu 20% de sua renda com a suspens\u00e3o dos trabalhos volunt\u00e1rios dos colaboradores. Visando ajudar a institui\u00e7\u00e3o e tamb\u00e9m os pequenos empreendedores de Jundia\u00ed, um grupo de moradores da regi\u00e3o decidiu organizar um bazar solid\u00e1rio virtual.<\/p>\n<div class=\"wall protected-content\">\n<div class=\"mc-column content-text active-extra-styles \" data-block-type=\"unstyled\" data-block-weight=\"32\" data-block-id=\"3\">\n<p class=\"content-text__container \" data-track-category=\"Link no Texto\" data-track-links=\"\">A empreendedora Ant\u00f4nia Souza, de 48 anos, explica que teve a ideia da a\u00e7\u00e3o junto com uma amiga, pensando em unir a necessidade de trabalhar com o fato de ajudar alguma institui\u00e7\u00e3o. &#8220;Uma amiga me chamou para fazer um grupo de WhatsApp e chamar nossas clientes. Na hora, j\u00e1 pensei se poder\u00edamos fazer em prol de uma institui\u00e7\u00e3o. A partir da\u00ed, chamamos outros empreendedores e criamos o primeiro grupo. Conseguimos 30 empreendedores para ajudar e duas institui\u00e7\u00f5es foram beneficiadas por enquanto&#8221;, revela.<\/p>\n<\/div>\n<div class=\"mc-column content-text active-extra-styles \" data-block-type=\"unstyled\" data-block-weight=\"31\" data-block-id=\"6\">\n<p class=\"content-text__container \" data-track-category=\"Link no Texto\" data-track-links=\"\">Ant\u00f4nia tamb\u00e9m conta que, ap\u00f3s a chegada da pandemia, ficou pensando em como continuar com o desempenho de sua empresa e tamb\u00e9m em como se sustentar durante a quarentena. <span style=\"font-family: inherit; font-size: inherit; font-style: inherit; font-variant-ligatures: inherit; font-variant-caps: inherit; font-weight: inherit; text-align: center;\">A empres\u00e1ria afirma que existe um controle para a sele\u00e7\u00e3o dos expositores para tamb\u00e9m criar uma rede de colabora\u00e7\u00e3o entre os pr\u00f3prios empreendedores dentro do grupo.<\/span><\/p>\n<\/div>\n<div class=\"mc-column content-text active-extra-styles \" data-block-type=\"unstyled\" data-block-weight=\"28\" data-block-id=\"12\">\n<p class=\"content-text__container \" data-track-category=\"Link no Texto\" data-track-links=\"\">&#8220;A ideia \u00e9 criar uma rede de colabora\u00e7\u00e3o, compartilhando clientes. Em alguns momentos, combinamos de um fazer a entrega de todos, por exemplo, para reduzir os custos&#8221;, afirma. Ant\u00f4nia comenta que, ap\u00f3s a divulga\u00e7\u00e3o do bazar virtual em prol do Grendacc, muitas pessoas a procuraram para compartilhar a informa\u00e7\u00e3o com familiares.<\/p>\n<\/div>\n<div class=\"mc-column content-text active-extra-styles \" data-block-type=\"unstyled\" data-block-weight=\"42\" data-block-id=\"15\">\n<p class=\"content-text__container \" data-track-category=\"Link no Texto\" data-track-links=\"\">O bazar solid\u00e1rio virtual teve in\u00edcio na ter\u00e7a-feira (5) e segue at\u00e9 esta quinta-feira (7). A a\u00e7\u00e3o conta com a participa\u00e7\u00e3o de lojas de v\u00e1rios seguimentos, desde roupas e semi-joias at\u00e9 guloseimas e artesanato.\u00a0<a href=\"https:\/\/chat.whatsapp.com\/BiPylt9SkeY7OjwgOBP7IF\" target=\"_blank\" rel=\"noopener noreferrer\">Para participar basta acessar o link do grupo<\/a>.<\/p>\n<p data-track-category=\"Link no Texto\" data-track-links=\"\"><em>(Fonte: G1\/Foto: Reprodu\u00e7\u00e3o)<\/em><\/p>\n<\/div>\n<\/div>\n","protected":false},"excerpt":{"rendered":"<p>Evento virtual \u00e9 realizado por meio de grupos no WhatsApp at\u00e9 esta quinta-feira (7) <\/p>\n","protected":false},"author":13,"featured_media":54295,"comment_status":"closed","ping_status":"closed","sticky":false,"template":"","format":"standard","meta":{"footnotes":""},"categories":[2834,1],"tags":[6961,6448],"class_list":["post-54290","post","type-post","status-publish","format-standard","has-post-thumbnail","hentry","category-cidades","category-noticias","tag-bazar-virtual","tag-grendacc-jundiai"],"_links":{"self":[{"href":"https:\/\/tvtecjundiai.com.br\/news\/wp-json\/wp\/v2\/posts\/54290","targetHints":{"allow":["GET"]}}],"collection":[{"href":"https:\/\/tvtecjundiai.com.br\/news\/wp-json\/wp\/v2\/posts"}],"about":[{"href":"https:\/\/tvtecjundiai.com.br\/news\/wp-json\/wp\/v2\/types\/post"}],"author":[{"embeddable":true,"href":"https:\/\/tvtecjundiai.com.br\/news\/wp-json\/wp\/v2\/users\/13"}],"replies":[{"embeddable":true,"href":"https:\/\/tvtecjundiai.com.br\/news\/wp-json\/wp\/v2\/comments?post=54290"}],"version-history":[{"count":1,"href":"https:\/\/tvtecjundiai.com.br\/news\/wp-json\/wp\/v2\/posts\/54290\/revisions"}],"predecessor-version":[{"id":54296,"href":"https:\/\/tvtecjundiai.com.br\/news\/wp-json\/wp\/v2\/posts\/54290\/revisions\/54296"}],"wp:featuredmedia":[{"embeddable":true,"href":"https:\/\/tvtecjundiai.com.br\/news\/wp-json\/wp\/v2\/media\/54295"}],"wp:attachment":[{"href":"https:\/\/tvtecjundiai.com.br\/news\/wp-json\/wp\/v2\/media?parent=54290"}],"wp:term":[{"taxonomy":"category","embeddable":true,"href":"https:\/\/tvtecjundiai.com.br\/news\/wp-json\/wp\/v2\/categories?post=54290"},{"taxonomy":"post_tag","embeddable":true,"href":"https:\/\/tvtecjundiai.com.br\/news\/wp-json\/wp\/v2\/tags?post=54290"}],"curies":[{"name":"wp","href":"https:\/\/api.w.org\/{rel}","templated":true}]}}