{"id":54304,"date":"2020-05-06T16:15:30","date_gmt":"2020-05-06T19:15:30","guid":{"rendered":"https:\/\/tvtecjundiai.com.br\/news\/?p=54304"},"modified":"2020-05-08T13:25:57","modified_gmt":"2020-05-08T16:25:57","slug":"medica-explica-como-diferenciar-alergias-de-covid-19","status":"publish","type":"post","link":"https:\/\/tvtecjundiai.com.br\/news\/2020\/05\/06\/medica-explica-como-diferenciar-alergias-de-covid-19\/","title":{"rendered":"M\u00e9dica explica como diferenciar alergias de Covid-19"},"content":{"rendered":"<p><span style=\"font-weight: 400;\">A m\u00e9dica alergologista da Faculdade de Medicina de Jundia\u00ed (FMJ), Aline Mendes respondeu \u00e0s perguntas do p\u00fablico sobre como diferenciar alergias respirat\u00f3rias da Covid-19, na segunda edi\u00e7\u00e3o ao vivo do Boletim TVTEC desta quarta-feira (06), pelas redes sociais e pelo canal 24 da NET, \u00e0s 15h.\u00a0<\/span><\/p>\n<p><span style=\"font-weight: 400;\">Apesar de existirem algumas semelhan\u00e7as entre os sintomas de alergias com os sintomas da Covid-19, \u00e9 poss\u00edvel fazer distin\u00e7\u00e3o entre elas. A febre \u00e9 um fator determinante, pois geralmente alergias n\u00e3o s\u00e3o acompanhadas de quadro febril. \u201cO atendimento m\u00e9dico deve ser procurado por pacientes que apresentam sintomas moderados e graves\u201d, afirmou.\u00a0<\/span><\/p>\n<p><span style=\"font-weight: 400;\">As alergias n\u00e3o aumentam as chances de adquirir a Covid-19, mas podem complicar o quadro do paciente. A doutora Aline explicou que a automedica\u00e7\u00e3o deve ser feita com cautela. Ela ainda ressaltou que pessoas al\u00e9rgicas n\u00e3o devem suspender o tratamento, e em caso de d\u00favidas entrar em contato com o m\u00e9dico respons\u00e1vel. Outras quest\u00f5es foram esclarecidas pela especialista.\u00a0<\/span><\/p>\n<p><b>ASSISTA A \u00cdNTEGRA DA 2\u00aa EDI\u00c7\u00c3O DO BOLETIM TVTEC DE 06 DE MAIO DE 2020<\/b><\/p>\n<p>https:\/\/www.youtube.com\/watch?v=b54E6271CHk<\/p>\n<p><em>(Foto: Getty Images)<\/em><\/p>\n","protected":false},"excerpt":{"rendered":"<p>Automedica\u00e7\u00e3o deve ser feita com cautela<\/p>\n","protected":false},"author":18,"featured_media":54308,"comment_status":"closed","ping_status":"closed","sticky":false,"template":"","format":"standard","meta":{"footnotes":""},"categories":[1,2839],"tags":[6962,6484,6342],"class_list":["post-54304","post","type-post","status-publish","format-standard","has-post-thumbnail","hentry","category-noticias","category-saude","tag-alergias","tag-boletim-tvtec","tag-novo-coronavirus"],"_links":{"self":[{"href":"https:\/\/tvtecjundiai.com.br\/news\/wp-json\/wp\/v2\/posts\/54304","targetHints":{"allow":["GET"]}}],"collection":[{"href":"https:\/\/tvtecjundiai.com.br\/news\/wp-json\/wp\/v2\/posts"}],"about":[{"href":"https:\/\/tvtecjundiai.com.br\/news\/wp-json\/wp\/v2\/types\/post"}],"author":[{"embeddable":true,"href":"https:\/\/tvtecjundiai.com.br\/news\/wp-json\/wp\/v2\/users\/18"}],"replies":[{"embeddable":true,"href":"https:\/\/tvtecjundiai.com.br\/news\/wp-json\/wp\/v2\/comments?post=54304"}],"version-history":[{"count":2,"href":"https:\/\/tvtecjundiai.com.br\/news\/wp-json\/wp\/v2\/posts\/54304\/revisions"}],"predecessor-version":[{"id":54309,"href":"https:\/\/tvtecjundiai.com.br\/news\/wp-json\/wp\/v2\/posts\/54304\/revisions\/54309"}],"wp:featuredmedia":[{"embeddable":true,"href":"https:\/\/tvtecjundiai.com.br\/news\/wp-json\/wp\/v2\/media\/54308"}],"wp:attachment":[{"href":"https:\/\/tvtecjundiai.com.br\/news\/wp-json\/wp\/v2\/media?parent=54304"}],"wp:term":[{"taxonomy":"category","embeddable":true,"href":"https:\/\/tvtecjundiai.com.br\/news\/wp-json\/wp\/v2\/categories?post=54304"},{"taxonomy":"post_tag","embeddable":true,"href":"https:\/\/tvtecjundiai.com.br\/news\/wp-json\/wp\/v2\/tags?post=54304"}],"curies":[{"name":"wp","href":"https:\/\/api.w.org\/{rel}","templated":true}]}}