{"id":54319,"date":"2020-05-06T18:27:26","date_gmt":"2020-05-06T21:27:26","guid":{"rendered":"https:\/\/tvtecjundiai.com.br\/news\/?p=54319"},"modified":"2020-05-06T18:44:34","modified_gmt":"2020-05-06T21:44:34","slug":"testes-rapidos-tiram-casos-positivos-da-sub-notificacao-em-jundiai","status":"publish","type":"post","link":"https:\/\/tvtecjundiai.com.br\/news\/2020\/05\/06\/testes-rapidos-tiram-casos-positivos-da-sub-notificacao-em-jundiai\/","title":{"rendered":"Testes r\u00e1pidos tiram casos positivos da sub-notifica\u00e7\u00e3o em Jundia\u00ed"},"content":{"rendered":"<p><span style=\"font-weight: 400;\">Os n\u00fameros da pandemia da Covid-19 em Jundia\u00ed foram atualizados pelo gestor de Promo\u00e7\u00e3o da Sa\u00fade, Tiago Texera, na terceira edi\u00e7\u00e3o ao vivo do <\/span><b>Boletim TVTEC <\/b><span style=\"font-weight: 400;\">desta quarta-feira (06), transmitido \u00e0s 17h30, pelas redes sociais e pelo canal 24 da NET.\u00a0<\/span><\/p>\n<p><span style=\"font-weight: 400;\">Jundia\u00ed teve um aumento de 35 novos casos positivos para Covid-19. Ao todo, s\u00e3o 230 casos positivos do Novo Coronav\u00edrus, 95 casos em isolamento domiciliar, 27 pessoas est\u00e3o internadas em Jundia\u00ed e 2 pessoas internadas em outro munic\u00edpio. S\u00e3o 19 \u00f3bitos confirmados por Covid-19.<\/span><\/p>\n<p><span style=\"font-weight: 400;\">O munic\u00edpio tem 87 casos de pacientes recuperados. A taxa de ocupa\u00e7\u00e3o de leitos de UTI na rede p\u00fablica \u00e9 de 26%. Veja o<\/span><a href=\"https:\/\/jundiai.sp.gov.br\/coronavirus\/\"> <b>Informe Epidemiol\u00f3gico.<\/b><span style=\"font-weight: 400;\">\u00a0<\/span><\/a><\/p>\n<p><span style=\"font-weight: 400;\">De acordo com Texera, os testes r\u00e1pidos tiram casos positivos da sub-notifica\u00e7\u00e3o no munic\u00edpio. Neste novo modelo de testagem r\u00e1pida em massa, <\/span><span style=\"font-weight: 400;\">Jundia\u00ed ir\u00e1 realizar 20 mil testes para Covid-19, nos pr\u00f3ximos 60 dias. As medidas de isolamento social e etiqueta respirat\u00f3ria tamb\u00e9m foram refor\u00e7adas pelo gestor.<\/span><\/p>\n<p><b>ASSISTA A \u00cdNTEGRA DA 3\u00aa EDI\u00c7\u00c3O DO BOLETIM TVTEC DE 06 DE MAIO DE 2020<\/b><\/p>\n<p>https:\/\/www.youtube.com\/watch?v=nkY74NzpgT8<\/p>\n<p>&nbsp;<\/p>\n","protected":false},"excerpt":{"rendered":"<p>S\u00e3o 230 casos positivos para Covid-19<\/p>\n","protected":false},"author":18,"featured_media":54316,"comment_status":"closed","ping_status":"closed","sticky":false,"template":"","format":"standard","meta":{"footnotes":""},"categories":[1,2839],"tags":[6484,6512,6507,6342],"class_list":["post-54319","post","type-post","status-publish","format-standard","has-post-thumbnail","hentry","category-noticias","category-saude","tag-boletim-tvtec","tag-covid-19","tag-isolamento-social","tag-novo-coronavirus"],"_links":{"self":[{"href":"https:\/\/tvtecjundiai.com.br\/news\/wp-json\/wp\/v2\/posts\/54319","targetHints":{"allow":["GET"]}}],"collection":[{"href":"https:\/\/tvtecjundiai.com.br\/news\/wp-json\/wp\/v2\/posts"}],"about":[{"href":"https:\/\/tvtecjundiai.com.br\/news\/wp-json\/wp\/v2\/types\/post"}],"author":[{"embeddable":true,"href":"https:\/\/tvtecjundiai.com.br\/news\/wp-json\/wp\/v2\/users\/18"}],"replies":[{"embeddable":true,"href":"https:\/\/tvtecjundiai.com.br\/news\/wp-json\/wp\/v2\/comments?post=54319"}],"version-history":[{"count":1,"href":"https:\/\/tvtecjundiai.com.br\/news\/wp-json\/wp\/v2\/posts\/54319\/revisions"}],"predecessor-version":[{"id":54320,"href":"https:\/\/tvtecjundiai.com.br\/news\/wp-json\/wp\/v2\/posts\/54319\/revisions\/54320"}],"wp:featuredmedia":[{"embeddable":true,"href":"https:\/\/tvtecjundiai.com.br\/news\/wp-json\/wp\/v2\/media\/54316"}],"wp:attachment":[{"href":"https:\/\/tvtecjundiai.com.br\/news\/wp-json\/wp\/v2\/media?parent=54319"}],"wp:term":[{"taxonomy":"category","embeddable":true,"href":"https:\/\/tvtecjundiai.com.br\/news\/wp-json\/wp\/v2\/categories?post=54319"},{"taxonomy":"post_tag","embeddable":true,"href":"https:\/\/tvtecjundiai.com.br\/news\/wp-json\/wp\/v2\/tags?post=54319"}],"curies":[{"name":"wp","href":"https:\/\/api.w.org\/{rel}","templated":true}]}}