{"id":54339,"date":"2020-05-07T10:22:15","date_gmt":"2020-05-07T13:22:15","guid":{"rendered":"https:\/\/tvtecjundiai.com.br\/news\/?p=54339"},"modified":"2020-05-07T10:22:15","modified_gmt":"2020-05-07T13:22:15","slug":"saiba-quais-sao-os-cuidados-com-a-sua-mascara-de-pano","status":"publish","type":"post","link":"https:\/\/tvtecjundiai.com.br\/news\/2020\/05\/07\/saiba-quais-sao-os-cuidados-com-a-sua-mascara-de-pano\/","title":{"rendered":"Saiba quais s\u00e3o os cuidados com a sua m\u00e1scara de pano"},"content":{"rendered":"<div id=\"attachment_54340\" style=\"width: 428px\" class=\"wp-caption alignright\"><a href=\"https:\/\/tvtecjundiai.com.br\/news\/wp-content\/uploads\/sites\/2\/2020\/05\/5e8bd0d3250000d0066b7494.jpeg\"><img loading=\"lazy\" decoding=\"async\" aria-describedby=\"caption-attachment-54340\" class=\"wp-image-54340\" src=\"https:\/\/tvtecjundiai.com.br\/news\/wp-content\/uploads\/sites\/2\/2020\/05\/5e8bd0d3250000d0066b7494-300x158.jpeg\" alt=\"\" width=\"418\" height=\"220\" srcset=\"https:\/\/tvtecjundiai.com.br\/news\/wp-content\/uploads\/sites\/2\/2020\/05\/5e8bd0d3250000d0066b7494-300x158.jpeg 300w, https:\/\/tvtecjundiai.com.br\/news\/wp-content\/uploads\/sites\/2\/2020\/05\/5e8bd0d3250000d0066b7494-768x403.jpeg 768w, https:\/\/tvtecjundiai.com.br\/news\/wp-content\/uploads\/sites\/2\/2020\/05\/5e8bd0d3250000d0066b7494.jpeg 1200w\" sizes=\"auto, (max-width: 418px) 100vw, 418px\" \/><\/a><p id=\"caption-attachment-54340\" class=\"wp-caption-text\">Para ser eficiente, a m\u00e1scara caseira precisa seguir algumas especifica\u00e7\u00f5es<\/p><\/div>\n<p>Desde o in\u00edcio da pandemia provocada pelo coronav\u00edrus, uma corrida mundial em busca de m\u00e1scaras de prote\u00e7\u00e3o fez com que elas sumissem das prateleiras.\u00a0Para proteger voc\u00ea e a sua fam\u00edlia, o Minist\u00e9rio da Sa\u00fade orienta a produ\u00e7\u00e3o de modelos simples, de pano, que tamb\u00e9m funcionam como barreiras na propaga\u00e7\u00e3o da doen\u00e7a.\u00a0Al\u00e9m de eficiente, \u00e9 um equipamento simples, que n\u00e3o exige grande complexidade na sua produ\u00e7\u00e3o.<\/p>\n<p>Para ser eficiente como uma barreira f\u00edsica, a m\u00e1scara caseira precisa seguir algumas especifica\u00e7\u00f5es, que s\u00e3o simples. Confira abaixo:<\/p>\n<ul>\n<li style=\"font-weight: 400;\">A m\u00e1scara \u00e9 individual. N\u00e3o pode ser dividida com ningu\u00e9m, nem com m\u00e3e, filho, irm\u00e3o, marido, esposa etc.<\/li>\n<li style=\"font-weight: 400;\">Pode ser usada at\u00e9 ficar \u00famida. Depois desse tempo, \u00e9 preciso trocar. Ent\u00e3o, o ideal \u00e9 que cada pessoa tenha pelo menos duas m\u00e1scaras de pano;<\/li>\n<li style=\"font-weight: 400;\">Serve de barreira f\u00edsica ao v\u00edrus. Por isso, \u00e9 preciso que ela tenha pelo menos duas camadas de pano, ou seja, dupla face;<\/li>\n<li style=\"font-weight: 400;\">Tamb\u00e9m \u00e9 importante ter el\u00e1sticos ou tiras para amarrar acima das orelhas e abaixo da nuca. Desse jeito, o pano estar\u00e1 sempre protegendo a boca e o nariz e n\u00e3o restar\u00e3o espa\u00e7os no rosto;<\/li>\n<li style=\"font-weight: 400;\">Use a m\u00e1scara sempre que precisar sair de casa. Saia sempre com pelo menos uma reserva e leve uma sacola para guardar a m\u00e1scara suja, quando precisar trocar;<\/li>\n<li style=\"font-weight: 400;\">Chegando em casa, lave bem as suas m\u00e3os com \u00e1gua e sab\u00e3o, remova a m\u00e1scara com cuidado pelo el\u00e1stico e evite tocar na parte da frente;<\/li>\n<li style=\"font-weight: 400;\">Lave as m\u00e1scaras usadas com \u00e1gua sanit\u00e1ria ( prepare uma solu\u00e7\u00e3o de 10 ml de \u00e1gua sanit\u00e1ria para 500 ml de \u00e1gua limpa), deixe de molho por cerca de 30 minutos, lave bem a m\u00e1scara com \u00e1gua e sab\u00e3o e deixe secar bem e estar\u00e1 pronta para o uso;<\/li>\n<li style=\"font-weight: 400;\">Para cumprir essa miss\u00e3o de prote\u00e7\u00e3o contra o coronav\u00edrus, serve qualquer peda\u00e7o de tecido, vale desmanchar aquela camisa velha, cal\u00e7a antiga, cueca, cortina, o que for.<\/li>\n<\/ul>\n<p><em>(Fonte: Minist\u00e9rio da Sa\u00fade\/Foto: HuffPost Brasil)<\/em><\/p>\n","protected":false},"excerpt":{"rendered":"<p>Para ser eficiente, a m\u00e1scara caseira precisa seguir algumas especifica\u00e7\u00f5es<\/p>\n","protected":false},"author":13,"featured_media":54340,"comment_status":"closed","ping_status":"closed","sticky":false,"template":"","format":"standard","meta":{"footnotes":""},"categories":[1,2839],"tags":[6242,6965,6789],"class_list":["post-54339","post","type-post","status-publish","format-standard","has-post-thumbnail","hentry","category-noticias","category-saude","tag-coronavirus","tag-mascaras-de-pano","tag-mascaras-de-protecao"],"_links":{"self":[{"href":"https:\/\/tvtecjundiai.com.br\/news\/wp-json\/wp\/v2\/posts\/54339","targetHints":{"allow":["GET"]}}],"collection":[{"href":"https:\/\/tvtecjundiai.com.br\/news\/wp-json\/wp\/v2\/posts"}],"about":[{"href":"https:\/\/tvtecjundiai.com.br\/news\/wp-json\/wp\/v2\/types\/post"}],"author":[{"embeddable":true,"href":"https:\/\/tvtecjundiai.com.br\/news\/wp-json\/wp\/v2\/users\/13"}],"replies":[{"embeddable":true,"href":"https:\/\/tvtecjundiai.com.br\/news\/wp-json\/wp\/v2\/comments?post=54339"}],"version-history":[{"count":1,"href":"https:\/\/tvtecjundiai.com.br\/news\/wp-json\/wp\/v2\/posts\/54339\/revisions"}],"predecessor-version":[{"id":54341,"href":"https:\/\/tvtecjundiai.com.br\/news\/wp-json\/wp\/v2\/posts\/54339\/revisions\/54341"}],"wp:featuredmedia":[{"embeddable":true,"href":"https:\/\/tvtecjundiai.com.br\/news\/wp-json\/wp\/v2\/media\/54340"}],"wp:attachment":[{"href":"https:\/\/tvtecjundiai.com.br\/news\/wp-json\/wp\/v2\/media?parent=54339"}],"wp:term":[{"taxonomy":"category","embeddable":true,"href":"https:\/\/tvtecjundiai.com.br\/news\/wp-json\/wp\/v2\/categories?post=54339"},{"taxonomy":"post_tag","embeddable":true,"href":"https:\/\/tvtecjundiai.com.br\/news\/wp-json\/wp\/v2\/tags?post=54339"}],"curies":[{"name":"wp","href":"https:\/\/api.w.org\/{rel}","templated":true}]}}