{"id":54390,"date":"2020-05-07T16:06:21","date_gmt":"2020-05-07T19:06:21","guid":{"rendered":"https:\/\/tvtecjundiai.com.br\/news\/?p=54390"},"modified":"2020-05-07T16:53:18","modified_gmt":"2020-05-07T19:53:18","slug":"medico-da-fmj-alerta-para-uso-correto-da-mascara","status":"publish","type":"post","link":"https:\/\/tvtecjundiai.com.br\/news\/2020\/05\/07\/medico-da-fmj-alerta-para-uso-correto-da-mascara\/","title":{"rendered":"M\u00e9dico da FMJ alerta para uso correto da m\u00e1scara"},"content":{"rendered":"<p><span style=\"font-weight: 400;\">O m\u00e9dico pneumologista da Faculdade de Medicina de Jundia\u00ed (FMJ), Ericson Bagatin esclareceu as d\u00favidas do p\u00fablico em rela\u00e7\u00e3o ao Novo Coronav\u00edrus, na segunda edi\u00e7\u00e3o ao vivo do <strong>Boletim TVTEC<\/strong> desta quinta-feira (7), pelas redes sociais e pelo canal 24 da NET, \u00e0s 15h.\u00a0<\/span><\/p>\n<p><span style=\"font-weight: 400;\">As informa\u00e7\u00f5es sobre o Novo Coronav\u00edrus ainda s\u00e3o poucas para solucionar a pandemia e os impactos causados. De acordo com o doutor, a penetra\u00e7\u00e3o do v\u00edrus no organismo acontece pelas mucosas (ocular, nasal e oral). O coronav\u00edrus \u00e9 multissist\u00eamico, ou seja, ele atinge outros \u00f3rg\u00e3os, por\u00e9m com menos intensidade. O pulm\u00e3o \u00e9 o \u00f3rg\u00e3o mais afetado pelo Novo coronav\u00edrus.\u00a0<\/span><\/p>\n<p><span style=\"font-weight: 400;\">Algumas quest\u00f5es sobre o uso da m\u00e1scara tamb\u00e9m foram abordadas pelo m\u00e9dico. \u201cA higieniza\u00e7\u00e3o peri\u00f3dica da m\u00e1scara de tecido \u00e9 importante, para que ela n\u00e3o se torne uma fonte de contamina\u00e7\u00e3o\u201d, alertou.\u00a0<\/span><\/p>\n<p><b>ASSISTA A \u00cdNTEGRA DA 2\u00aa EDI\u00c7\u00c3O DO BOLETIM TVTEC DE 07 DE MAIO DE 2020<\/b><\/p>\n<p>https:\/\/www.youtube.com\/watch?v=I31sHgjbb8w<\/p>\n<p><em>(Foto: Pixabay)<\/em><\/p>\n","protected":false},"excerpt":{"rendered":"<p>Higieniza\u00e7\u00e3o peri\u00f3dica \u00e9 o fator principal <\/p>\n","protected":false},"author":18,"featured_media":54395,"comment_status":"closed","ping_status":"closed","sticky":false,"template":"","format":"standard","meta":{"footnotes":""},"categories":[1,2839],"tags":[6484,6486,409],"class_list":["post-54390","post","type-post","status-publish","format-standard","has-post-thumbnail","hentry","category-noticias","category-saude","tag-boletim-tvtec","tag-coronavirus-e-as-mascaras","tag-fmj"],"_links":{"self":[{"href":"https:\/\/tvtecjundiai.com.br\/news\/wp-json\/wp\/v2\/posts\/54390","targetHints":{"allow":["GET"]}}],"collection":[{"href":"https:\/\/tvtecjundiai.com.br\/news\/wp-json\/wp\/v2\/posts"}],"about":[{"href":"https:\/\/tvtecjundiai.com.br\/news\/wp-json\/wp\/v2\/types\/post"}],"author":[{"embeddable":true,"href":"https:\/\/tvtecjundiai.com.br\/news\/wp-json\/wp\/v2\/users\/18"}],"replies":[{"embeddable":true,"href":"https:\/\/tvtecjundiai.com.br\/news\/wp-json\/wp\/v2\/comments?post=54390"}],"version-history":[{"count":2,"href":"https:\/\/tvtecjundiai.com.br\/news\/wp-json\/wp\/v2\/posts\/54390\/revisions"}],"predecessor-version":[{"id":54397,"href":"https:\/\/tvtecjundiai.com.br\/news\/wp-json\/wp\/v2\/posts\/54390\/revisions\/54397"}],"wp:featuredmedia":[{"embeddable":true,"href":"https:\/\/tvtecjundiai.com.br\/news\/wp-json\/wp\/v2\/media\/54395"}],"wp:attachment":[{"href":"https:\/\/tvtecjundiai.com.br\/news\/wp-json\/wp\/v2\/media?parent=54390"}],"wp:term":[{"taxonomy":"category","embeddable":true,"href":"https:\/\/tvtecjundiai.com.br\/news\/wp-json\/wp\/v2\/categories?post=54390"},{"taxonomy":"post_tag","embeddable":true,"href":"https:\/\/tvtecjundiai.com.br\/news\/wp-json\/wp\/v2\/tags?post=54390"}],"curies":[{"name":"wp","href":"https:\/\/api.w.org\/{rel}","templated":true}]}}