{"id":54556,"date":"2020-05-08T18:30:00","date_gmt":"2020-05-08T21:30:00","guid":{"rendered":"https:\/\/tvtecjundiai.com.br\/news\/?p=54556"},"modified":"2020-05-08T18:32:32","modified_gmt":"2020-05-08T21:32:32","slug":"jundiai-chega-a-20-obitos-confirmados-por-covid-19","status":"publish","type":"post","link":"https:\/\/tvtecjundiai.com.br\/news\/2020\/05\/08\/jundiai-chega-a-20-obitos-confirmados-por-covid-19\/","title":{"rendered":"Jundia\u00ed chega a 20 \u00f3bitos confirmados por Covid-19"},"content":{"rendered":"<p><span style=\"font-weight: 400;\">O gestor de Promo\u00e7\u00e3o da Sa\u00fade, Tiago Texera confirmou o vig\u00e9simo \u00f3bito por Covid-19 em Jundia\u00ed, na terceira edi\u00e7\u00e3o ao vivo do <\/span><b>Boletim TVTEC <\/b><span style=\"font-weight: 400;\">desta sexta-feira (08), transmitido \u00e0s 17h30, pelas redes sociais e pelo canal 24 da NET.\u00a0<\/span><\/p>\n<p><span style=\"font-weight: 400;\">A v\u00edtima fatal era do sexo masculino, 60 anos, tinha doen\u00e7a cardiovascular e diabetes. Ao todo, o munic\u00edpio totaliza 20 \u00f3bitos confirmados por Covid-19. S\u00e3o 259 casos positivos do Novo Coronav\u00edrus, 88 casos em isolamento domiciliar, 30 pessoas est\u00e3o internadas em Jundia\u00ed e 2 pessoas internadas em outro munic\u00edpio.\u00a0<\/span><\/p>\n<p><span style=\"font-weight: 400;\">Jundia\u00ed tem 119 casos de pacientes recuperados. <\/span><span style=\"font-weight: 400;\">Tamb\u00e9m s\u00e3o 60% dos leitos ocupados na rede privada de Jundia\u00ed e 29% dos leitos ocupados na rede p\u00fablica do munic\u00edpio.<\/span><span style=\"font-weight: 400;\"> Veja aqui o <\/span><a href=\"https:\/\/jundiai.sp.gov.br\/coronavirus\/\"><b>Informe Epidemiol\u00f3gico.<\/b><span style=\"font-weight: 400;\">\u00a0<\/span><\/a><\/p>\n<p><span style=\"font-weight: 400;\">O isolamento social \u00e9 um fator indispens\u00e1vel para evitar a contamina\u00e7\u00e3o em grande escala. \u201cA gente tem que aguentar mais um pouco a quarentena, pois o m\u00eas de maio \u00e9 decisivo. N\u00f3s n\u00e3o podemos baixar a guarda\u201d, ressaltou Texera.\u00a0<\/span><\/p>\n<p><b>ASSISTA A \u00cdNTEGRA DA 3\u00aa EDI\u00c7\u00c3O DO BOLETIM TVTEC DE 08 DE MAIO DE 2020<\/b><\/p>\n<p>https:\/\/www.youtube.com\/watch?v=3BsLtP0PxI0<\/p>\n<p>&nbsp;<\/p>\n","protected":false},"excerpt":{"rendered":"<p>S\u00e3o 259 casos positivos e 119 recuperados<\/p>\n","protected":false},"author":18,"featured_media":54557,"comment_status":"closed","ping_status":"closed","sticky":false,"template":"","format":"standard","meta":{"footnotes":""},"categories":[1,2839],"tags":[6484,6507,6342],"class_list":["post-54556","post","type-post","status-publish","format-standard","has-post-thumbnail","hentry","category-noticias","category-saude","tag-boletim-tvtec","tag-isolamento-social","tag-novo-coronavirus"],"_links":{"self":[{"href":"https:\/\/tvtecjundiai.com.br\/news\/wp-json\/wp\/v2\/posts\/54556","targetHints":{"allow":["GET"]}}],"collection":[{"href":"https:\/\/tvtecjundiai.com.br\/news\/wp-json\/wp\/v2\/posts"}],"about":[{"href":"https:\/\/tvtecjundiai.com.br\/news\/wp-json\/wp\/v2\/types\/post"}],"author":[{"embeddable":true,"href":"https:\/\/tvtecjundiai.com.br\/news\/wp-json\/wp\/v2\/users\/18"}],"replies":[{"embeddable":true,"href":"https:\/\/tvtecjundiai.com.br\/news\/wp-json\/wp\/v2\/comments?post=54556"}],"version-history":[{"count":1,"href":"https:\/\/tvtecjundiai.com.br\/news\/wp-json\/wp\/v2\/posts\/54556\/revisions"}],"predecessor-version":[{"id":54558,"href":"https:\/\/tvtecjundiai.com.br\/news\/wp-json\/wp\/v2\/posts\/54556\/revisions\/54558"}],"wp:featuredmedia":[{"embeddable":true,"href":"https:\/\/tvtecjundiai.com.br\/news\/wp-json\/wp\/v2\/media\/54557"}],"wp:attachment":[{"href":"https:\/\/tvtecjundiai.com.br\/news\/wp-json\/wp\/v2\/media?parent=54556"}],"wp:term":[{"taxonomy":"category","embeddable":true,"href":"https:\/\/tvtecjundiai.com.br\/news\/wp-json\/wp\/v2\/categories?post=54556"},{"taxonomy":"post_tag","embeddable":true,"href":"https:\/\/tvtecjundiai.com.br\/news\/wp-json\/wp\/v2\/tags?post=54556"}],"curies":[{"name":"wp","href":"https:\/\/api.w.org\/{rel}","templated":true}]}}