{"id":54565,"date":"2020-05-09T11:47:39","date_gmt":"2020-05-09T14:47:39","guid":{"rendered":"https:\/\/tvtecjundiai.com.br\/news\/?p=54565"},"modified":"2020-05-09T12:27:49","modified_gmt":"2020-05-09T15:27:49","slug":"brasil-tem-oficialmente-145-mil-infectados-mas-numero-real-pode-chegar-a-2-milhoes","status":"publish","type":"post","link":"https:\/\/tvtecjundiai.com.br\/news\/2020\/05\/09\/brasil-tem-oficialmente-145-mil-infectados-mas-numero-real-pode-chegar-a-2-milhoes\/","title":{"rendered":"Brasil tem 145 mil infectados; n\u00famero real pode chegar a 2 milh\u00f5es"},"content":{"rendered":"<p>Segundo um estudo da USP de Ribeir\u00e3o Preto, o Brasil pode ter hoje quase 2 milh\u00f5es de infectados pela Covid-19. O n\u00famero seria maior do que o de casos confirmados nos Estados Unidos, que at\u00e9 agora s\u00e3o o epicentro da doen\u00e7a. A pesquisa leva em considera\u00e7\u00e3o que o minist\u00e9rio e as secretarias de Sa\u00fade dos estados e munic\u00edpios s\u00f3 contam os casos confirmados, aqueles em que as pessoas fizeram testes que comprovaram a infec\u00e7\u00e3o pelo novo coronav\u00edrus.<\/p>\n<p>Acontece que os testes no Brasil s\u00e3o, principalmente, para pacientes internados e profissionais de sa\u00fade e seguran\u00e7a. Muita gente com sintomas leves ou at\u00e9 sem sintomas n\u00e3o sabe se tem ou teve a Covid-19 e n\u00e3o aparece nas estat\u00edsticas. Um estudo da Universidade de S\u00e3o Paulo (USP) indica que o n\u00famero real de casos pode ser 14 vezes o n\u00famero oficial.<\/p>\n<div>\n<div class=\"mc-column content-text active-extra-styles \" data-block-type=\"unstyled\" data-block-weight=\"54\" data-block-id=\"10\">\n<p class=\"content-text__container \" data-track-category=\"Link no Texto\" data-track-links=\"\">Em gr\u00e1fico desenvolvido pelo estudo, a linha de baixo mostra a evolu\u00e7\u00e3o do n\u00famero de casos no pa\u00eds pelos dados oficiais e a linha de cima, pela estimativa do estudo. Nesta quinta (7), quando o Minist\u00e9rio da Sa\u00fade contabilizava 135 mil casos de Covid-19 no Brasil, o estudo apontava mais de 1,9 milh\u00e3o. \u201cSe eu for levar em considera\u00e7\u00e3o o n\u00famero de \u00f3bitos que s\u00e3o efetivos, tentando fazer uma estimativa, tirando a subnotifica\u00e7\u00e3o, o meu modelo, honestamente, explode com o n\u00famero de casos. Esse modelo \u00e9 otimista e, por isso, eu tenho defendido de que o Brasil, necessariamente, para o mundo, j\u00e1 \u00e9 o principal foco da epidemia\u201d, avaliou Domingos Alves, professor da Faculdade de Medicina de Ribeir\u00e3o Preto (USP).<\/p>\n<p class=\"content-text__container \" data-track-category=\"Link no Texto\" data-track-links=\"\">O pesquisador defende que j\u00e1 passou da hora de apertar ainda mais as medidas de isolamento: &#8220;Essas medidas que foram adotadas n\u00e3o surtiram o efeito adequado. E o que a gente est\u00e1 vendo \u00e9 um escape importante da m\u00e3o dos governos do controle dessa pandemia. Ent\u00e3o, a popula\u00e7\u00e3o que j\u00e1 est\u00e1 desgastada com essa situa\u00e7\u00e3o, tem que entender que \u00e9 o seguinte: o aperto das medidas de conten\u00e7\u00e3o, na maioria das capitais brasileiras, elas v\u00e3o salvar vidas. Muitas vidas\u201d.<\/p>\n<div class=\"mc-column content-text active-extra-styles \" data-block-type=\"unstyled\" data-block-weight=\"71\" data-block-id=\"16\">\n<p class=\"content-text__container \" data-track-category=\"Link no Texto\" data-track-links=\"\">O Minist\u00e9rio da Sa\u00fade declarou que discute com os estados a necessidade de notifica\u00e7\u00e3o dos casos suspeitos e confirmados da Covid-19; que, pelas caracter\u00edsticas da doen\u00e7a e pela falta mundial de testes, a subnotifica\u00e7\u00e3o \u00e9 esperada. O minist\u00e9rio afirma que est\u00e1 seguindo a orienta\u00e7\u00e3o da Organiza\u00e7\u00e3o Mundial da Sa\u00fade para testar o maior n\u00famero poss\u00edvel de pessoas, por isso, pretende comprar 46 milh\u00f5es de testes, que correspondem a 22% da popula\u00e7\u00e3o.<\/p>\n<p data-track-category=\"Link no Texto\" data-track-links=\"\"><em>(Fonte: G1 \/ Foto: ilustrativa\/divulga\u00e7\u00e3o internet)<\/em><\/p>\n<\/div>\n<\/div>\n<\/div>\n","protected":false},"excerpt":{"rendered":"<p>Estudo da USP sugere que o pa\u00eds pode superar os EUA, atual epicentro da doen\u00e7a<\/p>\n","protected":false},"author":18,"featured_media":54568,"comment_status":"closed","ping_status":"closed","sticky":false,"template":"","format":"standard","meta":{"footnotes":""},"categories":[5159,29,1,2839],"tags":[6242,6645,1479],"class_list":["post-54565","post","type-post","status-publish","format-standard","has-post-thumbnail","hentry","category-ciencias","category-destaque","category-noticias","category-saude","tag-coronavirus","tag-infectados","tag-numeros"],"_links":{"self":[{"href":"https:\/\/tvtecjundiai.com.br\/news\/wp-json\/wp\/v2\/posts\/54565","targetHints":{"allow":["GET"]}}],"collection":[{"href":"https:\/\/tvtecjundiai.com.br\/news\/wp-json\/wp\/v2\/posts"}],"about":[{"href":"https:\/\/tvtecjundiai.com.br\/news\/wp-json\/wp\/v2\/types\/post"}],"author":[{"embeddable":true,"href":"https:\/\/tvtecjundiai.com.br\/news\/wp-json\/wp\/v2\/users\/18"}],"replies":[{"embeddable":true,"href":"https:\/\/tvtecjundiai.com.br\/news\/wp-json\/wp\/v2\/comments?post=54565"}],"version-history":[{"count":7,"href":"https:\/\/tvtecjundiai.com.br\/news\/wp-json\/wp\/v2\/posts\/54565\/revisions"}],"predecessor-version":[{"id":54578,"href":"https:\/\/tvtecjundiai.com.br\/news\/wp-json\/wp\/v2\/posts\/54565\/revisions\/54578"}],"wp:featuredmedia":[{"embeddable":true,"href":"https:\/\/tvtecjundiai.com.br\/news\/wp-json\/wp\/v2\/media\/54568"}],"wp:attachment":[{"href":"https:\/\/tvtecjundiai.com.br\/news\/wp-json\/wp\/v2\/media?parent=54565"}],"wp:term":[{"taxonomy":"category","embeddable":true,"href":"https:\/\/tvtecjundiai.com.br\/news\/wp-json\/wp\/v2\/categories?post=54565"},{"taxonomy":"post_tag","embeddable":true,"href":"https:\/\/tvtecjundiai.com.br\/news\/wp-json\/wp\/v2\/tags?post=54565"}],"curies":[{"name":"wp","href":"https:\/\/api.w.org\/{rel}","templated":true}]}}