{"id":54645,"date":"2020-05-11T09:43:09","date_gmt":"2020-05-11T12:43:09","guid":{"rendered":"https:\/\/tvtecjundiai.com.br\/news\/?p=54645"},"modified":"2020-05-11T09:43:28","modified_gmt":"2020-05-11T12:43:28","slug":"confira-dicas-para-quem-esta-em-trabalho-remoto","status":"publish","type":"post","link":"https:\/\/tvtecjundiai.com.br\/news\/2020\/05\/11\/confira-dicas-para-quem-esta-em-trabalho-remoto\/","title":{"rendered":"Confira dicas para quem est\u00e1 em trabalho remoto"},"content":{"rendered":"<div id=\"attachment_54646\" style=\"width: 433px\" class=\"wp-caption alignright\"><a href=\"https:\/\/tvtecjundiai.com.br\/news\/wp-content\/uploads\/sites\/2\/2020\/05\/shutterstock_526161499.jpg\"><img loading=\"lazy\" decoding=\"async\" aria-describedby=\"caption-attachment-54646\" class=\"wp-image-54646\" src=\"https:\/\/tvtecjundiai.com.br\/news\/wp-content\/uploads\/sites\/2\/2020\/05\/shutterstock_526161499-300x200.jpg\" alt=\"\" width=\"423\" height=\"282\" srcset=\"https:\/\/tvtecjundiai.com.br\/news\/wp-content\/uploads\/sites\/2\/2020\/05\/shutterstock_526161499-300x200.jpg 300w, https:\/\/tvtecjundiai.com.br\/news\/wp-content\/uploads\/sites\/2\/2020\/05\/shutterstock_526161499.jpg 500w\" sizes=\"auto, (max-width: 423px) 100vw, 423px\" \/><\/a><p id=\"caption-attachment-54646\" class=\"wp-caption-text\">Confira as dicas do Minist\u00e9rio da Economia<\/p><\/div>\n<p>O aumento no n\u00famero de casos de coronav\u00edrus e a dissemina\u00e7\u00e3o global resultaram na decreta\u00e7\u00e3o, em 11 de mar\u00e7o, no estado de pandemia por parte da Organiza\u00e7\u00e3o Mundial da Sa\u00fade (OMS). No Brasil, a Lei n\u00ba 13.979\/20 determinou, no in\u00edcio de fevereiro, as medidas para o enfrentamento da emerg\u00eancia de sa\u00fade p\u00fablica em raz\u00e3o do Covid-19, sendo que as principais dizem respeito ao isolamento e \u00e0 quarentena.<\/p>\n<p>Nesse cen\u00e1rio de necessidade de conten\u00e7\u00e3o da dissemina\u00e7\u00e3o do v\u00edrus, diversos \u00f3rg\u00e3os p\u00fablicos e algumas empresas t\u00eam optado por instituir o teletrabalho, regulamentado entre os artigos 165.\u00ba e 171.\u00ba do C\u00f3digo do Trabalho.<\/p>\n<p>Confira as dicas do Minist\u00e9rio da Economia para que esse per\u00edodo continue sendo eficiente tanto para o servidor, quanto para as lideran\u00e7as.<\/p>\n<ul>\n<li>Servidor: Combine suas entregas com a chefia. Tenha foco e disciplina para manter a produtividade.<\/li>\n<li>Chefe: Organize o trabalho do seu time, tenha consci\u00eancia do que cada um pode produzir e seja claro no que \u00e9 esperado de cada colaborador.<\/li>\n<li>Definam um hor\u00e1rio de trabalho: isso ajuda a ter uma rotina mais organizada e produtiva.<\/li>\n<li>Periodicamente: avaliem o andamento do trabalho.<\/li>\n<li>Conclu\u00edram uma entrega com sucesso? Celebrem os resultados virtualmente e reconhe\u00e7am os envolvidos.<\/li>\n<li>Algo n\u00e3o saiu como planejado? Junto com a equipe, identifique o que poderia ter sido diferente e veja como cada um pode ajudar, fazendo os ajustes necess\u00e1rios para a pr\u00f3xima edi\u00e7\u00e3o.<\/li>\n<li>Confian\u00e7a: \u00e9 indispens\u00e1vel na rela\u00e7\u00e3o entre chefia e colaboradores. Mantenha a comunica\u00e7\u00e3o aberta e constante dos dois lados. Isso \u00e9 fundamental para o sucesso do trabalho remoto, evitando desgastes.<\/li>\n<li>Se poss\u00edvel, criem um grupo no Whatsapp ou em outro canal: a comunica\u00e7\u00e3o em tempo real \u00e9 pe\u00e7a chave para nos mantermos unidos e produtivos no enfrentamento da situa\u00e7\u00e3o atual.<\/li>\n<\/ul>\n<p><em>(Fonte: Minist\u00e9rio da Economia\/Foto: Reprodu\u00e7\u00e3o)<\/em><\/p>\n<p>&nbsp;<\/p>\n<p>&nbsp;<\/p>\n<p>&nbsp;<\/p>\n<p class=\"content-block\">\n","protected":false},"excerpt":{"rendered":"<p>O teletrabalho est\u00e1 regulamentado entre os artigos 165.\u00ba e 171.\u00ba do C\u00f3digo do Trabalho<\/p>\n","protected":false},"author":13,"featured_media":54646,"comment_status":"closed","ping_status":"closed","sticky":false,"template":"","format":"standard","meta":{"footnotes":""},"categories":[5038,1],"tags":[6242,6990],"class_list":["post-54645","post","type-post","status-publish","format-standard","has-post-thumbnail","hentry","category-emprego","category-noticias","tag-coronavirus","tag-teletrabalho"],"_links":{"self":[{"href":"https:\/\/tvtecjundiai.com.br\/news\/wp-json\/wp\/v2\/posts\/54645","targetHints":{"allow":["GET"]}}],"collection":[{"href":"https:\/\/tvtecjundiai.com.br\/news\/wp-json\/wp\/v2\/posts"}],"about":[{"href":"https:\/\/tvtecjundiai.com.br\/news\/wp-json\/wp\/v2\/types\/post"}],"author":[{"embeddable":true,"href":"https:\/\/tvtecjundiai.com.br\/news\/wp-json\/wp\/v2\/users\/13"}],"replies":[{"embeddable":true,"href":"https:\/\/tvtecjundiai.com.br\/news\/wp-json\/wp\/v2\/comments?post=54645"}],"version-history":[{"count":2,"href":"https:\/\/tvtecjundiai.com.br\/news\/wp-json\/wp\/v2\/posts\/54645\/revisions"}],"predecessor-version":[{"id":54648,"href":"https:\/\/tvtecjundiai.com.br\/news\/wp-json\/wp\/v2\/posts\/54645\/revisions\/54648"}],"wp:featuredmedia":[{"embeddable":true,"href":"https:\/\/tvtecjundiai.com.br\/news\/wp-json\/wp\/v2\/media\/54646"}],"wp:attachment":[{"href":"https:\/\/tvtecjundiai.com.br\/news\/wp-json\/wp\/v2\/media?parent=54645"}],"wp:term":[{"taxonomy":"category","embeddable":true,"href":"https:\/\/tvtecjundiai.com.br\/news\/wp-json\/wp\/v2\/categories?post=54645"},{"taxonomy":"post_tag","embeddable":true,"href":"https:\/\/tvtecjundiai.com.br\/news\/wp-json\/wp\/v2\/tags?post=54645"}],"curies":[{"name":"wp","href":"https:\/\/api.w.org\/{rel}","templated":true}]}}