{"id":54674,"date":"2020-05-11T11:17:12","date_gmt":"2020-05-11T14:17:12","guid":{"rendered":"https:\/\/tvtecjundiai.com.br\/news\/?p=54674"},"modified":"2020-05-11T11:17:12","modified_gmt":"2020-05-11T14:17:12","slug":"brasileiras-ganham-maior-premio-de-conservacao-do-meio-ambiente","status":"publish","type":"post","link":"https:\/\/tvtecjundiai.com.br\/news\/2020\/05\/11\/brasileiras-ganham-maior-premio-de-conservacao-do-meio-ambiente\/","title":{"rendered":"Brasileiras ganham maior pr\u00eamio de conserva\u00e7\u00e3o do meio ambiente"},"content":{"rendered":"<div id=\"attachment_54675\" style=\"width: 425px\" class=\"wp-caption alignright\"><a href=\"https:\/\/tvtecjundiai.com.br\/news\/wp-content\/uploads\/sites\/2\/2020\/05\/brasileiras-premio-close-696x487.jpg\"><img loading=\"lazy\" decoding=\"async\" aria-describedby=\"caption-attachment-54675\" class=\"wp-image-54675\" src=\"https:\/\/tvtecjundiai.com.br\/news\/wp-content\/uploads\/sites\/2\/2020\/05\/brasileiras-premio-close-696x487-300x210.jpg\" alt=\"\" width=\"415\" height=\"290\" srcset=\"https:\/\/tvtecjundiai.com.br\/news\/wp-content\/uploads\/sites\/2\/2020\/05\/brasileiras-premio-close-696x487-300x210.jpg 300w, https:\/\/tvtecjundiai.com.br\/news\/wp-content\/uploads\/sites\/2\/2020\/05\/brasileiras-premio-close-696x487.jpg 696w\" sizes=\"auto, (max-width: 415px) 100vw, 415px\" \/><\/a><p id=\"caption-attachment-54675\" class=\"wp-caption-text\">O chamado \u201cOscar Verde\u201d anunciou os grandes vencedores do ano no \u00faltimo dia 29.<\/p><\/div>\n<p>Patr\u00edcia Medici e Gabriel Cabral Rezende, ambas da ONG IP\u00ca &#8211; Instituto de Pesquisas Ecol\u00f3gicas, receberam o maior pr\u00eamio da conserva\u00e7\u00e3o ambiental do mundo, o prestigiado Whitley Awards, do Whitley Fund for Nature, no Reino Unido.<\/p>\n<p>O chamado \u201cOscar Verde\u201d anunciou os grandes vencedores do ano no \u00faltimo dia 29. Patr\u00edcia Medici recebeu o Gold Award, principal premia\u00e7\u00e3o da funda\u00e7\u00e3o, pelo seu trabalho de d\u00e9cadas com as antas.<\/p>\n<p>A engenheira florestal \u00e9 respons\u00e1vel pela cria\u00e7\u00e3o do maior banco de dados sobre a esp\u00e9cie do mundo. Com sua equipe, Patr\u00edcia realiza pesquisas de ponta para entender a ecologia das antas e informar a\u00e7\u00f5es de conserva\u00e7\u00e3o na Mata Atl\u00e2ntica, no Pantanal e no Cerrado.<\/p>\n<p>Gabriela Cabral Rezende recebeu o Whitley Award, oferecido tamb\u00e9m a mais cinco conservacionistas de outros pa\u00edses, pelo seu trabalho de conserva\u00e7\u00e3o do mico-le\u00e3o dourado, mais uma esp\u00e9cie que infelizmente est\u00e1 amea\u00e7ada pela a\u00e7\u00e3o humana no planeta. Elas agradeceram e prometeram resist\u00eancia para conservar o meio ambiente.<\/p>\n<p><em>(Fonte: S\u00f3 Not\u00edcias Boas\/Foto: Liana John e Katie Garrett)<\/em><\/p>\n","protected":false},"excerpt":{"rendered":"<p>O chamado \u201cOscar Verde\u201d anunciou os grandes vencedores do ano no \u00faltimo dia 29<\/p>\n","protected":false},"author":13,"featured_media":54675,"comment_status":"closed","ping_status":"closed","sticky":false,"template":"","format":"standard","meta":{"footnotes":""},"categories":[3569,1],"tags":[6993,563,6994],"class_list":["post-54674","post","type-post","status-publish","format-standard","has-post-thumbnail","hentry","category-meio-ambiente","category-noticias","tag-conservacao-ambiental","tag-meio-ambiente","tag-oscar-verde"],"_links":{"self":[{"href":"https:\/\/tvtecjundiai.com.br\/news\/wp-json\/wp\/v2\/posts\/54674","targetHints":{"allow":["GET"]}}],"collection":[{"href":"https:\/\/tvtecjundiai.com.br\/news\/wp-json\/wp\/v2\/posts"}],"about":[{"href":"https:\/\/tvtecjundiai.com.br\/news\/wp-json\/wp\/v2\/types\/post"}],"author":[{"embeddable":true,"href":"https:\/\/tvtecjundiai.com.br\/news\/wp-json\/wp\/v2\/users\/13"}],"replies":[{"embeddable":true,"href":"https:\/\/tvtecjundiai.com.br\/news\/wp-json\/wp\/v2\/comments?post=54674"}],"version-history":[{"count":1,"href":"https:\/\/tvtecjundiai.com.br\/news\/wp-json\/wp\/v2\/posts\/54674\/revisions"}],"predecessor-version":[{"id":54676,"href":"https:\/\/tvtecjundiai.com.br\/news\/wp-json\/wp\/v2\/posts\/54674\/revisions\/54676"}],"wp:featuredmedia":[{"embeddable":true,"href":"https:\/\/tvtecjundiai.com.br\/news\/wp-json\/wp\/v2\/media\/54675"}],"wp:attachment":[{"href":"https:\/\/tvtecjundiai.com.br\/news\/wp-json\/wp\/v2\/media?parent=54674"}],"wp:term":[{"taxonomy":"category","embeddable":true,"href":"https:\/\/tvtecjundiai.com.br\/news\/wp-json\/wp\/v2\/categories?post=54674"},{"taxonomy":"post_tag","embeddable":true,"href":"https:\/\/tvtecjundiai.com.br\/news\/wp-json\/wp\/v2\/tags?post=54674"}],"curies":[{"name":"wp","href":"https:\/\/api.w.org\/{rel}","templated":true}]}}