{"id":54731,"date":"2020-05-11T16:12:22","date_gmt":"2020-05-11T19:12:22","guid":{"rendered":"https:\/\/tvtecjundiai.com.br\/news\/?p=54731"},"modified":"2020-05-11T16:38:51","modified_gmt":"2020-05-11T19:38:51","slug":"doencas-cardiovasculares-aumentam-riscos-da-covid-19-diz-medica","status":"publish","type":"post","link":"https:\/\/tvtecjundiai.com.br\/news\/2020\/05\/11\/doencas-cardiovasculares-aumentam-riscos-da-covid-19-diz-medica\/","title":{"rendered":"Doen\u00e7as cardiovasculares aumentam riscos da Covid-19, diz m\u00e9dica"},"content":{"rendered":"<p><span style=\"font-weight: 400;\">Algumas perguntas do p\u00fablico em rela\u00e7\u00e3o \u00e0 Covid-19 foram respondidas pela m\u00e9dica cardiologista da Unimed Jundia\u00ed, C\u00e9lia Regina Pellicciari Galeotti, na segunda edi\u00e7\u00e3o ao vivo do <\/span><b>Boletim TVTEC<\/b><span style=\"font-weight: 400;\"> desta segunda-feira (11), transmitida pelas redes sociais e pelo canal 24 da NET, \u00e0s 15h.\u00a0<\/span><\/p>\n<p><span style=\"font-weight: 400;\">De acordo com a doutora, os portadores de doen\u00e7as cardiovasculares tem um processo inflamat\u00f3rio cr\u00f4nico, e quando s\u00e3o infectados pelo coronav\u00edrus, passam a ter riscos mais elevados.\u201cEu acho que \u00e9 muito importante as pessoas tomarem a consci\u00eancia de que se n\u00e3o mudarem o modo de estilo de vida isso vai se perpetuando\u201d, afirmou.\u00a0<\/span><\/p>\n<p><span style=\"font-weight: 400;\">Ela ainda refor\u00e7ou ao p\u00fablico, a import\u00e2ncia de seguir as orienta\u00e7\u00f5es de higieniza\u00e7\u00e3o das m\u00e3os, isolamento social, uso correto da m\u00e1scara e manter uma alimenta\u00e7\u00e3o saud\u00e1vel. \u201cProcurem se cuidar, porque \u00e9 muito triste ver um paciente entubado\u201d, concluiu.\u00a0\u00a0<\/span><\/p>\n<p><b>ASSISTA A \u00cdNTEGRA DA 2\u00aa EDI\u00c7\u00c3O DO BOLETIM TVTEC DE 11 DE MAIO DE 2020<\/b><\/p>\n<p>https:\/\/www.youtube.com\/watch?v=l5WbWg_cx7A<\/p>\n","protected":false},"excerpt":{"rendered":"<p>A especialista refor\u00e7ou a necessidade de medidas de higieniza\u00e7\u00e3o e isolamento<\/p>\n","protected":false},"author":18,"featured_media":54734,"comment_status":"closed","ping_status":"closed","sticky":false,"template":"","format":"standard","meta":{"footnotes":""},"categories":[1,2839],"tags":[6484,7005,6692,6342],"class_list":["post-54731","post","type-post","status-publish","format-standard","has-post-thumbnail","hentry","category-noticias","category-saude","tag-boletim-tvtec","tag-cardiologia","tag-isolamento","tag-novo-coronavirus"],"_links":{"self":[{"href":"https:\/\/tvtecjundiai.com.br\/news\/wp-json\/wp\/v2\/posts\/54731","targetHints":{"allow":["GET"]}}],"collection":[{"href":"https:\/\/tvtecjundiai.com.br\/news\/wp-json\/wp\/v2\/posts"}],"about":[{"href":"https:\/\/tvtecjundiai.com.br\/news\/wp-json\/wp\/v2\/types\/post"}],"author":[{"embeddable":true,"href":"https:\/\/tvtecjundiai.com.br\/news\/wp-json\/wp\/v2\/users\/18"}],"replies":[{"embeddable":true,"href":"https:\/\/tvtecjundiai.com.br\/news\/wp-json\/wp\/v2\/comments?post=54731"}],"version-history":[{"count":3,"href":"https:\/\/tvtecjundiai.com.br\/news\/wp-json\/wp\/v2\/posts\/54731\/revisions"}],"predecessor-version":[{"id":54740,"href":"https:\/\/tvtecjundiai.com.br\/news\/wp-json\/wp\/v2\/posts\/54731\/revisions\/54740"}],"wp:featuredmedia":[{"embeddable":true,"href":"https:\/\/tvtecjundiai.com.br\/news\/wp-json\/wp\/v2\/media\/54734"}],"wp:attachment":[{"href":"https:\/\/tvtecjundiai.com.br\/news\/wp-json\/wp\/v2\/media?parent=54731"}],"wp:term":[{"taxonomy":"category","embeddable":true,"href":"https:\/\/tvtecjundiai.com.br\/news\/wp-json\/wp\/v2\/categories?post=54731"},{"taxonomy":"post_tag","embeddable":true,"href":"https:\/\/tvtecjundiai.com.br\/news\/wp-json\/wp\/v2\/tags?post=54731"}],"curies":[{"name":"wp","href":"https:\/\/api.w.org\/{rel}","templated":true}]}}