{"id":55030,"date":"2020-05-14T10:51:07","date_gmt":"2020-05-14T13:51:07","guid":{"rendered":"https:\/\/tvtecjundiai.com.br\/news\/?p=55030"},"modified":"2020-05-14T11:19:52","modified_gmt":"2020-05-14T14:19:52","slug":"palavra-cantada-comanda-live-para-a-garotada-no-sabado-16","status":"publish","type":"post","link":"https:\/\/tvtecjundiai.com.br\/news\/2020\/05\/14\/palavra-cantada-comanda-live-para-a-garotada-no-sabado-16\/","title":{"rendered":"Palavra Cantada comanda live para a garotada no s\u00e1bado (16)"},"content":{"rendered":"<div id=\"attachment_55032\" style=\"width: 310px\" class=\"wp-caption alignright\"><a href=\"https:\/\/tvtecjundiai.com.br\/news\/wp-content\/uploads\/sites\/2\/2020\/05\/lnvTEiY15102018134944.jpg\"><img loading=\"lazy\" decoding=\"async\" aria-describedby=\"caption-attachment-55032\" class=\"wp-image-55032 size-medium\" src=\"https:\/\/tvtecjundiai.com.br\/news\/wp-content\/uploads\/sites\/2\/2020\/05\/lnvTEiY15102018134944-300x300.jpg\" alt=\"\" width=\"300\" height=\"300\" srcset=\"https:\/\/tvtecjundiai.com.br\/news\/wp-content\/uploads\/sites\/2\/2020\/05\/lnvTEiY15102018134944-300x300.jpg 300w, https:\/\/tvtecjundiai.com.br\/news\/wp-content\/uploads\/sites\/2\/2020\/05\/lnvTEiY15102018134944-100x100.jpg 100w, https:\/\/tvtecjundiai.com.br\/news\/wp-content\/uploads\/sites\/2\/2020\/05\/lnvTEiY15102018134944-768x768.jpg 768w, https:\/\/tvtecjundiai.com.br\/news\/wp-content\/uploads\/sites\/2\/2020\/05\/lnvTEiY15102018134944.jpg 960w\" sizes=\"auto, (max-width: 300px) 100vw, 300px\" \/><\/a><p id=\"caption-attachment-55032\" class=\"wp-caption-text\">A dupla conta com mais de 20 discos lan\u00e7ados e centenas de can\u00e7\u00f5es para crian\u00e7as, como \u201cSopa\u201d e \u201cBolacha de \u00c1gua e Sal\u201d<\/p><\/div>\n<p>A Pampers, marca de cuidados com o beb\u00ea, em busca de ajudar papais e mam\u00e3es a distra\u00edrem os pequenos que est\u00e3o em casa, promove no pr\u00f3ximo s\u00e1bado (16), \u00e0s 16h, uma live com a Palavra Cantada, formada pelos m\u00fasicos\u00a0Paulo Tatif e Sandra Peres.<\/p>\n<p>A parceria com a dupla ser\u00e1 transmitida ao vivo por meio do YouTube, no <a href=\"https:\/\/www.youtube.com\/channel\/UCGs6qb1ohFhDzeHbYeJlsAA?utm_source=blogsaopauloparacriancas&amp;utm_medium=site_sppc&amp;utm_campaign=youtube_palavra_cantada\">canal Palavra Cantada Oficial<\/a>, e no Instagram <a href=\"https:\/\/www.instagram.com\/pampersbrasil\/?hl=pt-br&amp;utm_source=blogsaopauloparacriancas&amp;utm_medium=site_sppc&amp;utm_campaign=live_palavra_cantada_pampers_instagram\">@PampersBrasil<\/a>.\u00a0O repert\u00f3rio contar\u00e1 com diversas m\u00fasicas e dan\u00e7as que a fam\u00edlia inteira poder\u00e1 prestigiar.<\/p>\n<p>A a\u00e7\u00e3o visa tornar esse per\u00edodo de isolamento social, causado pela pandemia do novo coronav\u00edrus, um pouco mais acolhedor.<\/p>\n<p><em>(Fonte\/Foto: Reprodu\u00e7\u00e3o)<\/em><\/p>\n<p>&nbsp;<\/p>\n<p>&nbsp;<\/p>\n<div class=\"acf-field acf-field-message acf-field-5d41a80fb3d4c\" data-type=\"message\" data-key=\"field_5d41a80fb3d4c\">\n<div class=\"acf-input\">\n<div class=\"tdj-leia-tambem\">\n<p>&nbsp;<\/p>\n<\/div>\n<\/div>\n<\/div>\n","protected":false},"excerpt":{"rendered":"<p>Transmiss\u00e3o acontece no YouTube da dupla e no Instagram da @PampersBrasil, \u00e0s 16h <\/p>\n","protected":false},"author":13,"featured_media":55031,"comment_status":"closed","ping_status":"closed","sticky":false,"template":"","format":"standard","meta":{"footnotes":""},"categories":[2833,3076,1],"tags":[201,826,7037],"class_list":["post-55030","post","type-post","status-publish","format-standard","has-post-thumbnail","hentry","category-cultura","category-entretenimento","category-noticias","tag-criancas","tag-live","tag-palavra-cantada"],"_links":{"self":[{"href":"https:\/\/tvtecjundiai.com.br\/news\/wp-json\/wp\/v2\/posts\/55030","targetHints":{"allow":["GET"]}}],"collection":[{"href":"https:\/\/tvtecjundiai.com.br\/news\/wp-json\/wp\/v2\/posts"}],"about":[{"href":"https:\/\/tvtecjundiai.com.br\/news\/wp-json\/wp\/v2\/types\/post"}],"author":[{"embeddable":true,"href":"https:\/\/tvtecjundiai.com.br\/news\/wp-json\/wp\/v2\/users\/13"}],"replies":[{"embeddable":true,"href":"https:\/\/tvtecjundiai.com.br\/news\/wp-json\/wp\/v2\/comments?post=55030"}],"version-history":[{"count":3,"href":"https:\/\/tvtecjundiai.com.br\/news\/wp-json\/wp\/v2\/posts\/55030\/revisions"}],"predecessor-version":[{"id":55037,"href":"https:\/\/tvtecjundiai.com.br\/news\/wp-json\/wp\/v2\/posts\/55030\/revisions\/55037"}],"wp:featuredmedia":[{"embeddable":true,"href":"https:\/\/tvtecjundiai.com.br\/news\/wp-json\/wp\/v2\/media\/55031"}],"wp:attachment":[{"href":"https:\/\/tvtecjundiai.com.br\/news\/wp-json\/wp\/v2\/media?parent=55030"}],"wp:term":[{"taxonomy":"category","embeddable":true,"href":"https:\/\/tvtecjundiai.com.br\/news\/wp-json\/wp\/v2\/categories?post=55030"},{"taxonomy":"post_tag","embeddable":true,"href":"https:\/\/tvtecjundiai.com.br\/news\/wp-json\/wp\/v2\/tags?post=55030"}],"curies":[{"name":"wp","href":"https:\/\/api.w.org\/{rel}","templated":true}]}}