{"id":55048,"date":"2020-05-14T12:10:26","date_gmt":"2020-05-14T15:10:26","guid":{"rendered":"https:\/\/tvtecjundiai.com.br\/news\/?p=55048"},"modified":"2020-05-14T12:20:13","modified_gmt":"2020-05-14T15:20:13","slug":"uber-torna-obrigatorio-o-uso-de-mascaras-em-viagens-no-brasil-1","status":"publish","type":"post","link":"https:\/\/tvtecjundiai.com.br\/news\/2020\/05\/14\/uber-torna-obrigatorio-o-uso-de-mascaras-em-viagens-no-brasil-1\/","title":{"rendered":"Uber torna obrigat\u00f3rio o uso de m\u00e1scaras em viagens no Brasil"},"content":{"rendered":"<p>O\u00a0aplicativo de transporte\u00a0Uber\u00a0anunciou na quarta-feira (13) uma s\u00e9rie de medidas de seguran\u00e7a para viagens e entregas como forma de precau\u00e7\u00e3o por conta da pandemia do novo coronav\u00edrus. A principal novidade \u00e9 a de que motoristas e passageiros ter\u00e3o de usar m\u00e1scaras faciais para poderem estar numa corrida \u2013 pr\u00e1tica que j\u00e1 havia sido imposta em algumas cidades do Pa\u00eds pelas autoridades, mas agora valer\u00e1 para todas as viagens da empresa no mundo.<\/p>\n<div id=\"attachment_55049\" style=\"width: 463px\" class=\"wp-caption alignright\"><a href=\"https:\/\/tvtecjundiai.com.br\/news\/wp-content\/uploads\/sites\/2\/2020\/05\/1589393110344.jpg\"><img loading=\"lazy\" decoding=\"async\" aria-describedby=\"caption-attachment-55049\" class=\"wp-image-55049\" src=\"https:\/\/tvtecjundiai.com.br\/news\/wp-content\/uploads\/sites\/2\/2020\/05\/1589393110344-300x188.jpg\" alt=\"\" width=\"453\" height=\"284\" srcset=\"https:\/\/tvtecjundiai.com.br\/news\/wp-content\/uploads\/sites\/2\/2020\/05\/1589393110344-300x188.jpg 300w, https:\/\/tvtecjundiai.com.br\/news\/wp-content\/uploads\/sites\/2\/2020\/05\/1589393110344.jpg 640w\" sizes=\"auto, (max-width: 453px) 100vw, 453px\" \/><\/a><p id=\"caption-attachment-55049\" class=\"wp-caption-text\">Imagem mostra como motorista vai tirar selfie para mostrar que est\u00e1 de m\u00e1scara antes de iniciar viagens<\/p><\/div>\n<p>A partir de segunda-feira (18), todos os motoristas que forem iniciar uma viagem com o Uber dever\u00e3o cumprir uma lista de requisitos \u2013 como usar uma m\u00e1scara, ter limpado o carro e afirmar que n\u00e3o est\u00e3o com sintomas da covid-19.<\/p>\n<p>O aplicativo dedicado aos condutores ter\u00e1 ainda uma fun\u00e7\u00e3o de reconhecimento facial, que pedir\u00e1 ao motorista para tirar uma selfie com a m\u00e1scara. Caso ele esteja sem m\u00e1scara, n\u00e3o ser\u00e1 poss\u00edvel receber pedidos de viagem pelo aplicativo. Ao atender uma solicita\u00e7\u00e3o, o motorista tamb\u00e9m poder\u00e1 cancelar uma corrida caso o passageiro esteja sem m\u00e1scara.<\/p>\n<p>Caso o passageiro retire sua m\u00e1scara durante a viagem, o motorista poder\u00e1 optar por avali\u00e1-lo com nota baixa ao final da corrida. A empresa pedir\u00e1 ainda que n\u00e3o sejam feitas viagens com passageiros no banco da frente \u2013 assim, o m\u00e1ximo de passageiros permitidos em uma \u00fanica corrida ser\u00e3o tr\u00eas, todos no banco de tr\u00e1s.<\/p>\n<p>Os passageiros, por enquanto, n\u00e3o receber\u00e3o uma solicita\u00e7\u00e3o para tirarem uma selfie com a m\u00e1scara \u2013 a tecnologia de reconhecimento facial est\u00e1 mais avan\u00e7ada no app dos motoristas, justificou a empresa. Quem solicitar uma corrida tamb\u00e9m poder\u00e1 cancel\u00e1-la caso o motorista n\u00e3o esteja protegido. Os processos de avalia\u00e7\u00e3o com notas da empresa tamb\u00e9m ser\u00e3o usados no Uber Eats, entre entregadores e clientes e entre entregadores e restaurantes.<\/p>\n<p><em>(Fonte: Estad\u00e3o\/Capa: Jean-Cristophe Bott)<\/em><\/p>\n","protected":false},"excerpt":{"rendered":"<p>Medidas funcionam para motoristas, entregadores e passageiros em corridas e delivery de comida<\/p>\n","protected":false},"author":13,"featured_media":55053,"comment_status":"closed","ping_status":"closed","sticky":false,"template":"","format":"standard","meta":{"footnotes":""},"categories":[1,3059],"tags":[1903,6242,1228,6834,7038],"class_list":["post-55048","post","type-post","status-publish","format-standard","has-post-thumbnail","hentry","category-noticias","category-transportes","tag-brasil","tag-coronavirus","tag-uber","tag-uso-de-mascaras","tag-viagens"],"_links":{"self":[{"href":"https:\/\/tvtecjundiai.com.br\/news\/wp-json\/wp\/v2\/posts\/55048","targetHints":{"allow":["GET"]}}],"collection":[{"href":"https:\/\/tvtecjundiai.com.br\/news\/wp-json\/wp\/v2\/posts"}],"about":[{"href":"https:\/\/tvtecjundiai.com.br\/news\/wp-json\/wp\/v2\/types\/post"}],"author":[{"embeddable":true,"href":"https:\/\/tvtecjundiai.com.br\/news\/wp-json\/wp\/v2\/users\/13"}],"replies":[{"embeddable":true,"href":"https:\/\/tvtecjundiai.com.br\/news\/wp-json\/wp\/v2\/comments?post=55048"}],"version-history":[{"count":5,"href":"https:\/\/tvtecjundiai.com.br\/news\/wp-json\/wp\/v2\/posts\/55048\/revisions"}],"predecessor-version":[{"id":55056,"href":"https:\/\/tvtecjundiai.com.br\/news\/wp-json\/wp\/v2\/posts\/55048\/revisions\/55056"}],"wp:featuredmedia":[{"embeddable":true,"href":"https:\/\/tvtecjundiai.com.br\/news\/wp-json\/wp\/v2\/media\/55053"}],"wp:attachment":[{"href":"https:\/\/tvtecjundiai.com.br\/news\/wp-json\/wp\/v2\/media?parent=55048"}],"wp:term":[{"taxonomy":"category","embeddable":true,"href":"https:\/\/tvtecjundiai.com.br\/news\/wp-json\/wp\/v2\/categories?post=55048"},{"taxonomy":"post_tag","embeddable":true,"href":"https:\/\/tvtecjundiai.com.br\/news\/wp-json\/wp\/v2\/tags?post=55048"}],"curies":[{"name":"wp","href":"https:\/\/api.w.org\/{rel}","templated":true}]}}